{"id":80,"date":"2011-12-28T12:57:00","date_gmt":"2011-12-28T17:57:00","guid":{"rendered":"http:\/\/www.ir-dweb.com\/blog\/?p=80"},"modified":"2018-01-16T22:50:22","modified_gmt":"2018-01-17T03:50:22","slug":"kathryn-schulz-no-lamenten-arrepentirse-on-regret","status":"publish","type":"post","link":"https:\/\/ir-dweb.com\/blog\/kathryn-schulz-no-lamenten-arrepentirse-on-regret\/","title":{"rendered":"Kathryn Schulz: No lamenten arrepentirse (On Regret)"},"content":{"rendered":"Compartir <div class=\"synved-social-container synved-social-container-share\"><a class=\"synved-social-button synved-social-button-share synved-social-size-32 synved-social-resolution-single synved-social-provider-facebook nolightbox\" data-provider=\"facebook\" target=\"_blank\" rel=\"nofollow\" title=\"Compartir en Facebook\" href=\"https:\/\/www.facebook.com\/sharer.php?u=https%3A%2F%2Fir-dweb.com%2Fblog&#038;t=Kathryn%20Schulz%3A%20No%20lamenten%20arrepentirse%20%28On%20Regret%29&#038;s=100&#038;p&#091;url&#093;=https%3A%2F%2Fir-dweb.com%2Fblog&#038;p&#091;images&#093;&#091;0&#093;=&#038;p&#091;title&#093;=Kathryn%20Schulz%3A%20No%20lamenten%20arrepentirse%20%28On%20Regret%29\" style=\"font-size: 0px;width:32px;height:32px;margin:0;margin-bottom:10px;margin-right:10px\"><img loading=\"lazy\" decoding=\"async\" alt=\"Facebook\" title=\"Compartir en Facebook\" class=\"synved-share-image synved-social-image synved-social-image-share\" width=\"32\" height=\"32\" style=\"display: inline;width:32px;height:32px;margin: 0;padding: 0;border: none;box-shadow: none\" src=\"https:\/\/ir-dweb.com\/blog\/wp-content\/plugins\/social-media-feather\/synved-social\/image\/social\/regular\/64x64\/facebook.png\" \/><\/a><a class=\"synved-social-button synved-social-button-share synved-social-size-32 synved-social-resolution-single synved-social-provider-twitter nolightbox\" data-provider=\"twitter\" target=\"_blank\" rel=\"nofollow\" title=\"Compartir en Twitter\" href=\"https:\/\/twitter.com\/share?url=https%3A%2F%2Fir-dweb.com%2Fblog&#038;text=Kathryn%20Schulz%3A%20No%20lamenten%20arrepentirse%20%28On%20Regret%29\" style=\"font-size: 0px;width:32px;height:32px;margin:0;margin-bottom:10px;margin-right:10px\"><img loading=\"lazy\" decoding=\"async\" alt=\"twitter\" title=\"Compartir en Twitter\" class=\"synved-share-image synved-social-image synved-social-image-share\" width=\"32\" height=\"32\" style=\"display: inline;width:32px;height:32px;margin: 0;padding: 0;border: none;box-shadow: none\" src=\"https:\/\/ir-dweb.com\/blog\/wp-content\/plugins\/social-media-feather\/synved-social\/image\/social\/regular\/64x64\/twitter.png\" \/><\/a><a class=\"synved-social-button synved-social-button-share synved-social-size-32 synved-social-resolution-single synved-social-provider-linkedin nolightbox\" data-provider=\"linkedin\" target=\"_blank\" rel=\"nofollow\" title=\"Compartir en Linkedin\" href=\"https:\/\/www.linkedin.com\/shareArticle?mini=true&#038;url=https%3A%2F%2Fir-dweb.com%2Fblog&#038;title=Kathryn%20Schulz%3A%20No%20lamenten%20arrepentirse%20%28On%20Regret%29\" style=\"font-size: 0px;width:32px;height:32px;margin:0;margin-bottom:10px\"><img loading=\"lazy\" decoding=\"async\" alt=\"linkedin\" title=\"Compartir en Linkedin\" class=\"synved-share-image synved-social-image synved-social-image-share\" width=\"32\" height=\"32\" style=\"display: inline;width:32px;height:32px;margin: 0;padding: 0;border: none;box-shadow: none\" src=\"https:\/\/ir-dweb.com\/blog\/wp-content\/plugins\/social-media-feather\/synved-social\/image\/social\/regular\/64x64\/linkedin.png\" \/><\/a><\/div><p>Se nos ense\u00f1a a vivir la vida sin remordimiento. \u00bfPero por qu\u00e9? Kathryn Schulz, usando su propio tatuaje, plantea un argumento convincente e inspirador para comprender nuestros arrepentimientos.<\/p>\n<p><object width=\"526\" height=\"374\" classid=\"clsid:d27cdb6e-ae6d-11cf-96b8-444553540000\" codebase=\"http:\/\/download.macromedia.com\/pub\/shockwave\/cabs\/flash\/swflash.cab#version=6,0,40,0\"><param name=\"allowFullScreen\" value=\"true\" \/><param name=\"allowScriptAccess\" value=\"always\" \/><param name=\"wmode\" value=\"transparent\" \/><param name=\"bgColor\" value=\"#ffffff\" \/><param name=\"flashvars\" value=\"vu=http:\/\/video.ted.com\/talk\/stream\/2011S\/Blank\/KathrynSchulz_2011S-320k.mp4&amp;su=http:\/\/images.ted.com\/images\/ted\/tedindex\/embed-posters\/KathrynSchulz_2011S-embed.jpg&amp;vw=512&amp;vh=288&amp;ap=0&amp;ti=1287&amp;lang=es&amp;introDuration=15330&amp;adDuration=4000&amp;postAdDuration=830&amp;adKeys=talk=kathryn_schulz_don_t_regret_regret;year=2011;theme=what_makes_us_happy;theme=master_storytellers;event=TEDSalon+NY2011;tag=Culture;tag=failure;tag=personal+growth;&amp;preAdTag=tconf.ted\/embed;tile=1;sz=512x288;\" \/><param name=\"src\" value=\"http:\/\/video.ted.com\/assets\/player\/swf\/EmbedPlayer.swf\" \/><param name=\"pluginspace\" value=\"http:\/\/www.macromedia.com\/go\/getflashplayer\" \/><param name=\"allowfullscreen\" value=\"true\" \/><param name=\"allowscriptaccess\" value=\"always\" \/><embed width=\"526\" height=\"374\" type=\"application\/x-shockwave-flash\" src=\"http:\/\/video.ted.com\/assets\/player\/swf\/EmbedPlayer.swf\" allowFullScreen=\"true\" allowScriptAccess=\"always\" wmode=\"transparent\" bgColor=\"#ffffff\" flashvars=\"vu=http:\/\/video.ted.com\/talk\/stream\/2011S\/Blank\/KathrynSchulz_2011S-320k.mp4&amp;su=http:\/\/images.ted.com\/images\/ted\/tedindex\/embed-posters\/KathrynSchulz_2011S-embed.jpg&amp;vw=512&amp;vh=288&amp;ap=0&amp;ti=1287&amp;lang=es&amp;introDuration=15330&amp;adDuration=4000&amp;postAdDuration=830&amp;adKeys=talk=kathryn_schulz_don_t_regret_regret;year=2011;theme=what_makes_us_happy;theme=master_storytellers;event=TEDSalon+NY2011;tag=Culture;tag=failure;tag=personal+growth;&amp;preAdTag=tconf.ted\/embed;tile=1;sz=512x288;\" pluginspace=\"http:\/\/www.macromedia.com\/go\/getflashplayer\" allowfullscreen=\"true\" allowscriptaccess=\"always\" \/><\/object><\/p>\n<p>Fuente: <a title=\"TED - ideas que vale la pena compartir\" href=\"http:\/\/www.ted.com\" target=\"_blank\">Ted.com<\/a><\/p>\nCompartir <div class=\"synved-social-container synved-social-container-share\"><a class=\"synved-social-button synved-social-button-share synved-social-size-32 synved-social-resolution-single synved-social-provider-facebook nolightbox\" data-provider=\"facebook\" target=\"_blank\" rel=\"nofollow\" title=\"Compartir en Facebook\" href=\"https:\/\/www.facebook.com\/sharer.php?u=https%3A%2F%2Fir-dweb.com%2Fblog&#038;t=Kathryn%20Schulz%3A%20No%20lamenten%20arrepentirse%20%28On%20Regret%29&#038;s=100&#038;p&#091;url&#093;=https%3A%2F%2Fir-dweb.com%2Fblog&#038;p&#091;images&#093;&#091;0&#093;=&#038;p&#091;title&#093;=Kathryn%20Schulz%3A%20No%20lamenten%20arrepentirse%20%28On%20Regret%29\" style=\"font-size: 0px;width:32px;height:32px;margin:0;margin-bottom:10px;margin-right:10px\"><img loading=\"lazy\" decoding=\"async\" alt=\"Facebook\" title=\"Compartir en Facebook\" class=\"synved-share-image synved-social-image synved-social-image-share\" width=\"32\" height=\"32\" style=\"display: inline;width:32px;height:32px;margin: 0;padding: 0;border: none;box-shadow: none\" src=\"https:\/\/ir-dweb.com\/blog\/wp-content\/plugins\/social-media-feather\/synved-social\/image\/social\/regular\/64x64\/facebook.png\" \/><\/a><a class=\"synved-social-button synved-social-button-share synved-social-size-32 synved-social-resolution-single synved-social-provider-twitter nolightbox\" data-provider=\"twitter\" target=\"_blank\" rel=\"nofollow\" title=\"Compartir en Twitter\" href=\"https:\/\/twitter.com\/share?url=https%3A%2F%2Fir-dweb.com%2Fblog&#038;text=Kathryn%20Schulz%3A%20No%20lamenten%20arrepentirse%20%28On%20Regret%29\" style=\"font-size: 0px;width:32px;height:32px;margin:0;margin-bottom:10px;margin-right:10px\"><img loading=\"lazy\" decoding=\"async\" alt=\"twitter\" title=\"Compartir en Twitter\" class=\"synved-share-image synved-social-image synved-social-image-share\" width=\"32\" height=\"32\" style=\"display: inline;width:32px;height:32px;margin: 0;padding: 0;border: none;box-shadow: none\" src=\"https:\/\/ir-dweb.com\/blog\/wp-content\/plugins\/social-media-feather\/synved-social\/image\/social\/regular\/64x64\/twitter.png\" \/><\/a><a class=\"synved-social-button synved-social-button-share synved-social-size-32 synved-social-resolution-single synved-social-provider-linkedin nolightbox\" data-provider=\"linkedin\" target=\"_blank\" rel=\"nofollow\" title=\"Compartir en Linkedin\" href=\"https:\/\/www.linkedin.com\/shareArticle?mini=true&#038;url=https%3A%2F%2Fir-dweb.com%2Fblog&#038;title=Kathryn%20Schulz%3A%20No%20lamenten%20arrepentirse%20%28On%20Regret%29\" style=\"font-size: 0px;width:32px;height:32px;margin:0;margin-bottom:10px\"><img loading=\"lazy\" decoding=\"async\" alt=\"linkedin\" title=\"Compartir en Linkedin\" class=\"synved-share-image synved-social-image synved-social-image-share\" width=\"32\" height=\"32\" style=\"display: inline;width:32px;height:32px;margin: 0;padding: 0;border: none;box-shadow: none\" src=\"https:\/\/ir-dweb.com\/blog\/wp-content\/plugins\/social-media-feather\/synved-social\/image\/social\/regular\/64x64\/linkedin.png\" \/><\/a><\/div>","protected":false},"excerpt":{"rendered":"<p>Compartir Se nos ense\u00f1a a vivir la vida sin remordimiento. \u00bfPero por qu\u00e9? Kathryn Schulz, usando su propio tatuaje, plantea un argumento convincente e inspirador para comprender nuestros arrepentimientos. Fuente: Ted.com Compartir<\/p>\n","protected":false},"author":1,"featured_media":0,"comment_status":"closed","ping_status":"closed","sticky":false,"template":"","format":"standard","meta":{"footnotes":""},"categories":[10],"tags":[6],"class_list":["post-80","post","type-post","status-publish","format-standard","hentry","category-ted","tag-ted"],"yoast_head":"<!-- This site is optimized with the Yoast SEO plugin v25.4 - https:\/\/yoast.com\/wordpress\/plugins\/seo\/ -->\n<title>Kathryn Schulz: No lamenten arrepentirse (On Regret) - Ivan Rettes Blog<\/title>\n<meta name=\"description\" content=\"Se nos ense\u00f1a a vivir la vida sin remordimiento. \u00bfPero por qu\u00e9? Kathryn Schulz, usando su propio tatuaje, plantea un argumento convincente e inspirador\" \/>\n<meta name=\"robots\" content=\"index, follow, max-snippet:-1, max-image-preview:large, max-video-preview:-1\" \/>\n<link rel=\"canonical\" href=\"https:\/\/ir-dweb.com\/blog\/kathryn-schulz-no-lamenten-arrepentirse-on-regret\/\" \/>\n<meta property=\"og:locale\" content=\"es_ES\" \/>\n<meta property=\"og:type\" content=\"article\" \/>\n<meta property=\"og:title\" content=\"Kathryn Schulz: No lamenten arrepentirse (On Regret) - Ivan Rettes Blog\" \/>\n<meta property=\"og:description\" content=\"Se nos ense\u00f1a a vivir la vida sin remordimiento. \u00bfPero por qu\u00e9? Kathryn Schulz, usando su propio tatuaje, plantea un argumento convincente e inspirador\" \/>\n<meta property=\"og:url\" content=\"https:\/\/ir-dweb.com\/blog\/kathryn-schulz-no-lamenten-arrepentirse-on-regret\/\" \/>\n<meta property=\"og:site_name\" content=\"Ivan Rettes Blog\" \/>\n<meta property=\"article:published_time\" content=\"2011-12-28T17:57:00+00:00\" \/>\n<meta property=\"article:modified_time\" content=\"2018-01-17T03:50:22+00:00\" \/>\n<meta name=\"author\" content=\"iadmin\" \/>\n<meta name=\"twitter:card\" content=\"summary_large_image\" \/>\n<meta name=\"twitter:creator\" content=\"@irdweb\" \/>\n<meta name=\"twitter:site\" content=\"@irdweb\" \/>\n<meta name=\"twitter:label1\" content=\"Escrito por\" \/>\n\t<meta name=\"twitter:data1\" content=\"iadmin\" \/>\n<script type=\"application\/ld+json\" class=\"yoast-schema-graph\">{\"@context\":\"https:\/\/schema.org\",\"@graph\":[{\"@type\":\"WebPage\",\"@id\":\"https:\/\/ir-dweb.com\/blog\/kathryn-schulz-no-lamenten-arrepentirse-on-regret\/\",\"url\":\"https:\/\/ir-dweb.com\/blog\/kathryn-schulz-no-lamenten-arrepentirse-on-regret\/\",\"name\":\"Kathryn Schulz: No lamenten arrepentirse (On Regret) - Ivan Rettes Blog\",\"isPartOf\":{\"@id\":\"https:\/\/ir-dweb.com\/blog\/#website\"},\"datePublished\":\"2011-12-28T17:57:00+00:00\",\"dateModified\":\"2018-01-17T03:50:22+00:00\",\"author\":{\"@id\":\"https:\/\/ir-dweb.com\/blog\/#\/schema\/person\/bede4d84a8f7520a9c369566f1abcd34\"},\"description\":\"Se nos ense\u00f1a a vivir la vida sin remordimiento. \u00bfPero por qu\u00e9? Kathryn Schulz, usando su propio tatuaje, plantea un argumento convincente e inspirador\",\"breadcrumb\":{\"@id\":\"https:\/\/ir-dweb.com\/blog\/kathryn-schulz-no-lamenten-arrepentirse-on-regret\/#breadcrumb\"},\"inLanguage\":\"es\",\"potentialAction\":[{\"@type\":\"ReadAction\",\"target\":[\"https:\/\/ir-dweb.com\/blog\/kathryn-schulz-no-lamenten-arrepentirse-on-regret\/\"]}]},{\"@type\":\"BreadcrumbList\",\"@id\":\"https:\/\/ir-dweb.com\/blog\/kathryn-schulz-no-lamenten-arrepentirse-on-regret\/#breadcrumb\",\"itemListElement\":[{\"@type\":\"ListItem\",\"position\":1,\"name\":\"Portada\",\"item\":\"https:\/\/ir-dweb.com\/blog\/\"},{\"@type\":\"ListItem\",\"position\":2,\"name\":\"Kathryn Schulz: No lamenten arrepentirse (On Regret)\"}]},{\"@type\":\"WebSite\",\"@id\":\"https:\/\/ir-dweb.com\/blog\/#website\",\"url\":\"https:\/\/ir-dweb.com\/blog\/\",\"name\":\"Ivan Rettes Blog\",\"description\":\"Art\u00edculos y videos sobre Formaci\u00f3n personal, Marketing, Social Media, dise\u00f1o web\",\"potentialAction\":[{\"@type\":\"SearchAction\",\"target\":{\"@type\":\"EntryPoint\",\"urlTemplate\":\"https:\/\/ir-dweb.com\/blog\/?s={search_term_string}\"},\"query-input\":{\"@type\":\"PropertyValueSpecification\",\"valueRequired\":true,\"valueName\":\"search_term_string\"}}],\"inLanguage\":\"es\"},{\"@type\":\"Person\",\"@id\":\"https:\/\/ir-dweb.com\/blog\/#\/schema\/person\/bede4d84a8f7520a9c369566f1abcd34\",\"name\":\"iadmin\",\"image\":{\"@type\":\"ImageObject\",\"inLanguage\":\"es\",\"@id\":\"https:\/\/ir-dweb.com\/blog\/#\/schema\/person\/image\/\",\"url\":\"https:\/\/secure.gravatar.com\/avatar\/270d0e866f231ddc3b83f31558654532b1c875446a2c27f9a1b4bdea82e2c00a?s=96&d=mm&r=g\",\"contentUrl\":\"https:\/\/secure.gravatar.com\/avatar\/270d0e866f231ddc3b83f31558654532b1c875446a2c27f9a1b4bdea82e2c00a?s=96&d=mm&r=g\",\"caption\":\"iadmin\"}}]}<\/script>\n<!-- \/ Yoast SEO plugin. -->","yoast_head_json":{"title":"Kathryn Schulz: No lamenten arrepentirse (On Regret) - Ivan Rettes Blog","description":"Se nos ense\u00f1a a vivir la vida sin remordimiento. \u00bfPero por qu\u00e9? Kathryn Schulz, usando su propio tatuaje, plantea un argumento convincente e inspirador","robots":{"index":"index","follow":"follow","max-snippet":"max-snippet:-1","max-image-preview":"max-image-preview:large","max-video-preview":"max-video-preview:-1"},"canonical":"https:\/\/ir-dweb.com\/blog\/kathryn-schulz-no-lamenten-arrepentirse-on-regret\/","og_locale":"es_ES","og_type":"article","og_title":"Kathryn Schulz: No lamenten arrepentirse (On Regret) - Ivan Rettes Blog","og_description":"Se nos ense\u00f1a a vivir la vida sin remordimiento. \u00bfPero por qu\u00e9? Kathryn Schulz, usando su propio tatuaje, plantea un argumento convincente e inspirador","og_url":"https:\/\/ir-dweb.com\/blog\/kathryn-schulz-no-lamenten-arrepentirse-on-regret\/","og_site_name":"Ivan Rettes Blog","article_published_time":"2011-12-28T17:57:00+00:00","article_modified_time":"2018-01-17T03:50:22+00:00","author":"iadmin","twitter_card":"summary_large_image","twitter_creator":"@irdweb","twitter_site":"@irdweb","twitter_misc":{"Escrito por":"iadmin"},"schema":{"@context":"https:\/\/schema.org","@graph":[{"@type":"WebPage","@id":"https:\/\/ir-dweb.com\/blog\/kathryn-schulz-no-lamenten-arrepentirse-on-regret\/","url":"https:\/\/ir-dweb.com\/blog\/kathryn-schulz-no-lamenten-arrepentirse-on-regret\/","name":"Kathryn Schulz: No lamenten arrepentirse (On Regret) - Ivan Rettes Blog","isPartOf":{"@id":"https:\/\/ir-dweb.com\/blog\/#website"},"datePublished":"2011-12-28T17:57:00+00:00","dateModified":"2018-01-17T03:50:22+00:00","author":{"@id":"https:\/\/ir-dweb.com\/blog\/#\/schema\/person\/bede4d84a8f7520a9c369566f1abcd34"},"description":"Se nos ense\u00f1a a vivir la vida sin remordimiento. \u00bfPero por qu\u00e9? Kathryn Schulz, usando su propio tatuaje, plantea un argumento convincente e inspirador","breadcrumb":{"@id":"https:\/\/ir-dweb.com\/blog\/kathryn-schulz-no-lamenten-arrepentirse-on-regret\/#breadcrumb"},"inLanguage":"es","potentialAction":[{"@type":"ReadAction","target":["https:\/\/ir-dweb.com\/blog\/kathryn-schulz-no-lamenten-arrepentirse-on-regret\/"]}]},{"@type":"BreadcrumbList","@id":"https:\/\/ir-dweb.com\/blog\/kathryn-schulz-no-lamenten-arrepentirse-on-regret\/#breadcrumb","itemListElement":[{"@type":"ListItem","position":1,"name":"Portada","item":"https:\/\/ir-dweb.com\/blog\/"},{"@type":"ListItem","position":2,"name":"Kathryn Schulz: No lamenten arrepentirse (On Regret)"}]},{"@type":"WebSite","@id":"https:\/\/ir-dweb.com\/blog\/#website","url":"https:\/\/ir-dweb.com\/blog\/","name":"Ivan Rettes Blog","description":"Art\u00edculos y videos sobre Formaci\u00f3n personal, Marketing, Social Media, dise\u00f1o web","potentialAction":[{"@type":"SearchAction","target":{"@type":"EntryPoint","urlTemplate":"https:\/\/ir-dweb.com\/blog\/?s={search_term_string}"},"query-input":{"@type":"PropertyValueSpecification","valueRequired":true,"valueName":"search_term_string"}}],"inLanguage":"es"},{"@type":"Person","@id":"https:\/\/ir-dweb.com\/blog\/#\/schema\/person\/bede4d84a8f7520a9c369566f1abcd34","name":"iadmin","image":{"@type":"ImageObject","inLanguage":"es","@id":"https:\/\/ir-dweb.com\/blog\/#\/schema\/person\/image\/","url":"https:\/\/secure.gravatar.com\/avatar\/270d0e866f231ddc3b83f31558654532b1c875446a2c27f9a1b4bdea82e2c00a?s=96&d=mm&r=g","contentUrl":"https:\/\/secure.gravatar.com\/avatar\/270d0e866f231ddc3b83f31558654532b1c875446a2c27f9a1b4bdea82e2c00a?s=96&d=mm&r=g","caption":"iadmin"}}]}},"_links":{"self":[{"href":"https:\/\/ir-dweb.com\/blog\/wp-json\/wp\/v2\/posts\/80","targetHints":{"allow":["GET"]}}],"collection":[{"href":"https:\/\/ir-dweb.com\/blog\/wp-json\/wp\/v2\/posts"}],"about":[{"href":"https:\/\/ir-dweb.com\/blog\/wp-json\/wp\/v2\/types\/post"}],"author":[{"embeddable":true,"href":"https:\/\/ir-dweb.com\/blog\/wp-json\/wp\/v2\/users\/1"}],"replies":[{"embeddable":true,"href":"https:\/\/ir-dweb.com\/blog\/wp-json\/wp\/v2\/comments?post=80"}],"version-history":[{"count":0,"href":"https:\/\/ir-dweb.com\/blog\/wp-json\/wp\/v2\/posts\/80\/revisions"}],"wp:attachment":[{"href":"https:\/\/ir-dweb.com\/blog\/wp-json\/wp\/v2\/media?parent=80"}],"wp:term":[{"taxonomy":"category","embeddable":true,"href":"https:\/\/ir-dweb.com\/blog\/wp-json\/wp\/v2\/categories?post=80"},{"taxonomy":"post_tag","embeddable":true,"href":"https:\/\/ir-dweb.com\/blog\/wp-json\/wp\/v2\/tags?post=80"}],"curies":[{"name":"wp","href":"https:\/\/api.w.org\/{rel}","templated":true}]}}