{"id":727,"date":"2022-01-14T22:29:15","date_gmt":"2022-01-15T03:29:15","guid":{"rendered":"https:\/\/ir-dweb.com\/blog\/?p=727"},"modified":"2022-02-01T20:26:43","modified_gmt":"2022-02-02T01:26:43","slug":"agregar-imagenes-webp-a-wordpress","status":"publish","type":"post","link":"https:\/\/ir-dweb.com\/blog\/agregar-imagenes-webp-a-wordpress\/","title":{"rendered":"Agregar im\u00e1genes WebP a WordPress"},"content":{"rendered":"Compartir <div class=\"synved-social-container synved-social-container-share\"><a class=\"synved-social-button synved-social-button-share synved-social-size-32 synved-social-resolution-single synved-social-provider-facebook nolightbox\" data-provider=\"facebook\" target=\"_blank\" rel=\"nofollow\" title=\"Compartir en Facebook\" href=\"https:\/\/www.facebook.com\/sharer.php?u=https%3A%2F%2Fir-dweb.com%2Fblog&#038;t=Agregar%20im%C3%A1genes%20WebP%20a%20WordPress&#038;s=100&#038;p&#091;url&#093;=https%3A%2F%2Fir-dweb.com%2Fblog&#038;p&#091;images&#093;&#091;0&#093;=https%3A%2F%2Fir-dweb.com%2Fblog%2Fwp-content%2Fuploads%2F2022%2F01%2Fagregar-imagenes-webp-a-wordpress.jpg&#038;p&#091;title&#093;=Agregar%20im%C3%A1genes%20WebP%20a%20WordPress\" style=\"font-size: 0px;width:32px;height:32px;margin:0;margin-bottom:10px;margin-right:10px\"><img loading=\"lazy\" decoding=\"async\" alt=\"Facebook\" title=\"Compartir en Facebook\" class=\"synved-share-image synved-social-image synved-social-image-share\" width=\"32\" height=\"32\" style=\"display: inline;width:32px;height:32px;margin: 0;padding: 0;border: none;box-shadow: none\" src=\"https:\/\/ir-dweb.com\/blog\/wp-content\/plugins\/social-media-feather\/synved-social\/image\/social\/regular\/64x64\/facebook.png\" \/><\/a><a class=\"synved-social-button synved-social-button-share synved-social-size-32 synved-social-resolution-single synved-social-provider-twitter nolightbox\" data-provider=\"twitter\" target=\"_blank\" rel=\"nofollow\" title=\"Compartir en Twitter\" href=\"https:\/\/twitter.com\/share?url=https%3A%2F%2Fir-dweb.com%2Fblog&#038;text=Agregar%20im%C3%A1genes%20WebP%20a%20WordPress\" style=\"font-size: 0px;width:32px;height:32px;margin:0;margin-bottom:10px;margin-right:10px\"><img loading=\"lazy\" decoding=\"async\" alt=\"twitter\" title=\"Compartir en Twitter\" class=\"synved-share-image synved-social-image synved-social-image-share\" width=\"32\" height=\"32\" style=\"display: inline;width:32px;height:32px;margin: 0;padding: 0;border: none;box-shadow: none\" src=\"https:\/\/ir-dweb.com\/blog\/wp-content\/plugins\/social-media-feather\/synved-social\/image\/social\/regular\/64x64\/twitter.png\" \/><\/a><a class=\"synved-social-button synved-social-button-share synved-social-size-32 synved-social-resolution-single synved-social-provider-linkedin nolightbox\" data-provider=\"linkedin\" target=\"_blank\" rel=\"nofollow\" title=\"Compartir en Linkedin\" href=\"https:\/\/www.linkedin.com\/shareArticle?mini=true&#038;url=https%3A%2F%2Fir-dweb.com%2Fblog&#038;title=Agregar%20im%C3%A1genes%20WebP%20a%20WordPress\" style=\"font-size: 0px;width:32px;height:32px;margin:0;margin-bottom:10px\"><img loading=\"lazy\" decoding=\"async\" alt=\"linkedin\" title=\"Compartir en Linkedin\" class=\"synved-share-image synved-social-image synved-social-image-share\" width=\"32\" height=\"32\" style=\"display: inline;width:32px;height:32px;margin: 0;padding: 0;border: none;box-shadow: none\" src=\"https:\/\/ir-dweb.com\/blog\/wp-content\/plugins\/social-media-feather\/synved-social\/image\/social\/regular\/64x64\/linkedin.png\" \/><\/a><\/div>\n<div class=\"wp-block-image\"><figure class=\"aligncenter size-full\"><a href=\"https:\/\/ir-dweb.com\/blog\/wp-content\/uploads\/2022\/01\/agregar-imagenes-webp-a-wordpress.jpg\"><img loading=\"lazy\" decoding=\"async\" width=\"700\" height=\"375\" src=\"https:\/\/ir-dweb.com\/blog\/wp-content\/uploads\/2022\/01\/agregar-imagenes-webp-a-wordpress.jpg\" alt=\"\" class=\"wp-image-737\" srcset=\"https:\/\/ir-dweb.com\/blog\/wp-content\/uploads\/2022\/01\/agregar-imagenes-webp-a-wordpress.jpg 700w, https:\/\/ir-dweb.com\/blog\/wp-content\/uploads\/2022\/01\/agregar-imagenes-webp-a-wordpress-300x161.jpg 300w\" sizes=\"auto, (max-width: 700px) 100vw, 700px\" \/><\/a><figcaption>Agregar im\u00e1genes WebP a WordPress<\/figcaption><\/figure><\/div>\n\n\n\n<p><strong>WebP<\/strong> es un formato de imagen que proporciona una compresi\u00f3n superior sin p\u00e9rdidas y con p\u00e9rdidas para im\u00e1genes en la web. Con <strong>WebP<\/strong> se pueden crear im\u00e1genes m\u00e1s peque\u00f1as que hacen que una P\u00e1gina web sea m\u00e1s r\u00e1pida y utilice menos ancho de banda.<\/p>\n\n\n\n<p>Las im\u00e1genes sin p\u00e9rdida de WebP son un 26 % m\u00e1s peque\u00f1as en comparaci\u00f3n con las im\u00e1genes PNG. Las im\u00e1genes con p\u00e9rdida WebP son un 25-34 % m\u00e1s peque\u00f1as que las im\u00e1genes JPEG.<\/p>\n\n\n\n<!--more-->\n\n\n\n<p>WebP es compatible de forma nativa con Google Chrome, Firefox, Edge, Opera y muchas otras herramientas y bibliotecas de software asi como con varias herramientas de edici\u00f3n de im\u00e1genes.<\/p>\n\n\n\n<p style=\"font-size:17px\">A partir de la <strong>versi\u00f3n 5.8 de WordPress<\/strong>, puedes subir y utilizar im\u00e1genes WebP en WordPress como lo har\u00edas con una imagen JPEG o PNG hoy en d\u00eda (siempre y cuando tu servicio de alojamiento soporte WebP). El cambio al formato WebP para tus im\u00e1genes mejorar\u00e1 el rendimiento de tu sitio y la experiencia de tus visitantes.&nbsp;<\/p>\n\n\n\n<p>Puedes editar y convertir im\u00e1genes JPEG y PNG a WebP con GIMP (Editor gratuito de im\u00e1genes <a href=\"https:\/\/www.gimp.org\/\" target=\"_blank\" rel=\"noreferrer noopener nofollow\">https:\/\/www.gimp.org\/<\/a>).<\/p>\n\n\n\n<p>Tambi\u00e9n puedes usar herramientas online como <a href=\"https:\/\/squoosh.app\/\" target=\"_blank\" rel=\"noreferrer noopener nofollow\">https:\/\/squoosh.app\/<\/a> y <a href=\"https:\/\/anywebp.com\/convert-to-webp.html\" target=\"_blank\" rel=\"noreferrer noopener nofollow\">https:\/\/anywebp.com\/convert-to-webp.html<\/a> (con esta p\u00e1gina se pueden convertir varias im\u00e1genes a la vez)<\/p>\n\n\n\n<p class=\"has-medium-font-size\"><strong>Ejemplo:<\/strong><\/p>\n\n\n\n<p>Tama\u00f1o: 800 x 375px<\/p>\n\n\n\n<p style=\"font-size:25px\"><strong>IMAGEN EN JPG (Peso: 76.7 Kb)<\/strong><\/p>\n\n\n\n<figure class=\"wp-block-image size-full\"><a href=\"https:\/\/ir-dweb.com\/blog\/wp-content\/uploads\/2022\/01\/imagen-pc.jpg\"><img loading=\"lazy\" decoding=\"async\" width=\"800\" height=\"375\" src=\"https:\/\/ir-dweb.com\/blog\/wp-content\/uploads\/2022\/01\/imagen-pc.jpg\" alt=\"\" class=\"wp-image-729\" srcset=\"https:\/\/ir-dweb.com\/blog\/wp-content\/uploads\/2022\/01\/imagen-pc.jpg 800w, https:\/\/ir-dweb.com\/blog\/wp-content\/uploads\/2022\/01\/imagen-pc-300x141.jpg 300w, https:\/\/ir-dweb.com\/blog\/wp-content\/uploads\/2022\/01\/imagen-pc-768x360.jpg 768w\" sizes=\"auto, (max-width: 800px) 100vw, 800px\" \/><\/a><figcaption>Imagen en JPG<\/figcaption><\/figure>\n\n\n\n<p><\/p>\n\n\n\n<p style=\"font-size:25px\"><strong>IMAGEN EN WEBP<\/strong> (<strong>Peso: 25.3 Kb<\/strong>)<\/p>\n\n\n\n<figure class=\"wp-block-image size-full\"><a href=\"https:\/\/ir-dweb.com\/blog\/wp-content\/uploads\/2022\/01\/imagen-pc-squoosh.webp\"><img loading=\"lazy\" decoding=\"async\" width=\"800\" height=\"375\" src=\"https:\/\/ir-dweb.com\/blog\/wp-content\/uploads\/2022\/01\/imagen-pc-squoosh.webp\" alt=\"\" class=\"wp-image-730\" srcset=\"https:\/\/ir-dweb.com\/blog\/wp-content\/uploads\/2022\/01\/imagen-pc-squoosh.webp 800w, https:\/\/ir-dweb.com\/blog\/wp-content\/uploads\/2022\/01\/imagen-pc-squoosh-300x141.webp 300w, https:\/\/ir-dweb.com\/blog\/wp-content\/uploads\/2022\/01\/imagen-pc-squoosh-768x360.webp 768w\" sizes=\"auto, (max-width: 800px) 100vw, 800px\" \/><\/a><figcaption>Imagen en WebP<\/figcaption><\/figure>\n\n\n\n<p class=\"has-text-align-center has-medium-font-size\"><strong>Videotutorial para agregar im\u00e1genes WebP a WordPress<\/strong><\/p>\n\n\n\n<figure class=\"wp-block-embed is-type-video is-provider-youtube wp-block-embed-youtube wp-embed-aspect-16-9 wp-has-aspect-ratio\"><div class=\"wp-block-embed__wrapper\">\n<iframe loading=\"lazy\" title=\"Agregar im\u00e1genes WebP (Optimizadas) a WordPress\" width=\"660\" height=\"371\" src=\"https:\/\/www.youtube.com\/embed\/kyQvPMD5bxU?feature=oembed\" frameborder=\"0\" allow=\"accelerometer; autoplay; clipboard-write; encrypted-media; gyroscope; picture-in-picture; web-share\" referrerpolicy=\"strict-origin-when-cross-origin\" allowfullscreen><\/iframe>\n<\/div><\/figure>\n\n\n\n<p><\/p>\nCompartir <div class=\"synved-social-container synved-social-container-share\"><a class=\"synved-social-button synved-social-button-share synved-social-size-32 synved-social-resolution-single synved-social-provider-facebook nolightbox\" data-provider=\"facebook\" target=\"_blank\" rel=\"nofollow\" title=\"Compartir en Facebook\" href=\"https:\/\/www.facebook.com\/sharer.php?u=https%3A%2F%2Fir-dweb.com%2Fblog&#038;t=Agregar%20im%C3%A1genes%20WebP%20a%20WordPress&#038;s=100&#038;p&#091;url&#093;=https%3A%2F%2Fir-dweb.com%2Fblog&#038;p&#091;images&#093;&#091;0&#093;=https%3A%2F%2Fir-dweb.com%2Fblog%2Fwp-content%2Fuploads%2F2022%2F01%2Fagregar-imagenes-webp-a-wordpress.jpg&#038;p&#091;title&#093;=Agregar%20im%C3%A1genes%20WebP%20a%20WordPress\" style=\"font-size: 0px;width:32px;height:32px;margin:0;margin-bottom:10px;margin-right:10px\"><img loading=\"lazy\" decoding=\"async\" alt=\"Facebook\" title=\"Compartir en Facebook\" class=\"synved-share-image synved-social-image synved-social-image-share\" width=\"32\" height=\"32\" style=\"display: inline;width:32px;height:32px;margin: 0;padding: 0;border: none;box-shadow: none\" src=\"https:\/\/ir-dweb.com\/blog\/wp-content\/plugins\/social-media-feather\/synved-social\/image\/social\/regular\/64x64\/facebook.png\" \/><\/a><a class=\"synved-social-button synved-social-button-share synved-social-size-32 synved-social-resolution-single synved-social-provider-twitter nolightbox\" data-provider=\"twitter\" target=\"_blank\" rel=\"nofollow\" title=\"Compartir en Twitter\" href=\"https:\/\/twitter.com\/share?url=https%3A%2F%2Fir-dweb.com%2Fblog&#038;text=Agregar%20im%C3%A1genes%20WebP%20a%20WordPress\" style=\"font-size: 0px;width:32px;height:32px;margin:0;margin-bottom:10px;margin-right:10px\"><img loading=\"lazy\" decoding=\"async\" alt=\"twitter\" title=\"Compartir en Twitter\" class=\"synved-share-image synved-social-image synved-social-image-share\" width=\"32\" height=\"32\" style=\"display: inline;width:32px;height:32px;margin: 0;padding: 0;border: none;box-shadow: none\" src=\"https:\/\/ir-dweb.com\/blog\/wp-content\/plugins\/social-media-feather\/synved-social\/image\/social\/regular\/64x64\/twitter.png\" \/><\/a><a class=\"synved-social-button synved-social-button-share synved-social-size-32 synved-social-resolution-single synved-social-provider-linkedin nolightbox\" data-provider=\"linkedin\" target=\"_blank\" rel=\"nofollow\" title=\"Compartir en Linkedin\" href=\"https:\/\/www.linkedin.com\/shareArticle?mini=true&#038;url=https%3A%2F%2Fir-dweb.com%2Fblog&#038;title=Agregar%20im%C3%A1genes%20WebP%20a%20WordPress\" style=\"font-size: 0px;width:32px;height:32px;margin:0;margin-bottom:10px\"><img loading=\"lazy\" decoding=\"async\" alt=\"linkedin\" title=\"Compartir en Linkedin\" class=\"synved-share-image synved-social-image synved-social-image-share\" width=\"32\" height=\"32\" style=\"display: inline;width:32px;height:32px;margin: 0;padding: 0;border: none;box-shadow: none\" src=\"https:\/\/ir-dweb.com\/blog\/wp-content\/plugins\/social-media-feather\/synved-social\/image\/social\/regular\/64x64\/linkedin.png\" \/><\/a><\/div>","protected":false},"excerpt":{"rendered":"<p>Compartir WebP es un formato de imagen que proporciona una compresi\u00f3n superior sin p\u00e9rdidas y con p\u00e9rdidas para im\u00e1genes en la web. Con WebP se pueden crear im\u00e1genes m\u00e1s peque\u00f1as que hacen que una P\u00e1gina web sea m\u00e1s r\u00e1pida y utilice menos ancho de banda. Las im\u00e1genes sin p\u00e9rdida de WebP son un 26 % &hellip; <a href=\"https:\/\/ir-dweb.com\/blog\/agregar-imagenes-webp-a-wordpress\/\" class=\"more-link\">Sigue leyendo <span class=\"screen-reader-text\">Agregar im\u00e1genes WebP a WordPress<\/span><\/a><\/p>\n","protected":false},"author":1,"featured_media":0,"comment_status":"open","ping_status":"closed","sticky":false,"template":"","format":"standard","meta":{"footnotes":""},"categories":[18],"tags":[],"class_list":["post-727","post","type-post","status-publish","format-standard","hentry","category-desarrollo-web"],"yoast_head":"<!-- This site is optimized with the Yoast SEO plugin v25.4 - https:\/\/yoast.com\/wordpress\/plugins\/seo\/ -->\n<title>Agregar im\u00e1genes WebP a WordPress - Ivan Rettes Blog<\/title>\n<meta name=\"description\" content=\"Agregar im\u00e1genes WebP a WordPress WebP es un formato de imagen que proporciona una compresi\u00f3n superior sin p\u00e9rdidas y con p\u00e9rdidas para im\u00e1genes en la\" \/>\n<meta name=\"robots\" content=\"index, follow, max-snippet:-1, max-image-preview:large, max-video-preview:-1\" \/>\n<link rel=\"canonical\" href=\"https:\/\/ir-dweb.com\/blog\/agregar-imagenes-webp-a-wordpress\/\" \/>\n<meta property=\"og:locale\" content=\"es_ES\" \/>\n<meta property=\"og:type\" content=\"article\" \/>\n<meta property=\"og:title\" content=\"Agregar im\u00e1genes WebP a WordPress - Ivan Rettes Blog\" \/>\n<meta property=\"og:description\" content=\"Agregar im\u00e1genes WebP a WordPress WebP es un formato de imagen que proporciona una compresi\u00f3n superior sin p\u00e9rdidas y con p\u00e9rdidas para im\u00e1genes en la\" \/>\n<meta property=\"og:url\" content=\"https:\/\/ir-dweb.com\/blog\/agregar-imagenes-webp-a-wordpress\/\" \/>\n<meta property=\"og:site_name\" content=\"Ivan Rettes Blog\" \/>\n<meta property=\"article:published_time\" content=\"2022-01-15T03:29:15+00:00\" \/>\n<meta property=\"article:modified_time\" content=\"2022-02-02T01:26:43+00:00\" \/>\n<meta property=\"og:image\" content=\"https:\/\/ir-dweb.com\/blog\/wp-content\/uploads\/2022\/01\/agregar-imagenes-webp-a-wordpress.jpg\" \/>\n<meta name=\"author\" content=\"iadmin\" \/>\n<meta name=\"twitter:card\" content=\"summary_large_image\" \/>\n<meta name=\"twitter:creator\" content=\"@irdweb\" \/>\n<meta name=\"twitter:site\" content=\"@irdweb\" \/>\n<meta name=\"twitter:label1\" content=\"Escrito por\" \/>\n\t<meta name=\"twitter:data1\" content=\"iadmin\" \/>\n\t<meta name=\"twitter:label2\" content=\"Tiempo de lectura\" \/>\n\t<meta name=\"twitter:data2\" content=\"2 minutos\" \/>\n<script type=\"application\/ld+json\" class=\"yoast-schema-graph\">{\"@context\":\"https:\/\/schema.org\",\"@graph\":[{\"@type\":\"WebPage\",\"@id\":\"https:\/\/ir-dweb.com\/blog\/agregar-imagenes-webp-a-wordpress\/\",\"url\":\"https:\/\/ir-dweb.com\/blog\/agregar-imagenes-webp-a-wordpress\/\",\"name\":\"Agregar im\u00e1genes WebP a WordPress - Ivan Rettes Blog\",\"isPartOf\":{\"@id\":\"https:\/\/ir-dweb.com\/blog\/#website\"},\"primaryImageOfPage\":{\"@id\":\"https:\/\/ir-dweb.com\/blog\/agregar-imagenes-webp-a-wordpress\/#primaryimage\"},\"image\":{\"@id\":\"https:\/\/ir-dweb.com\/blog\/agregar-imagenes-webp-a-wordpress\/#primaryimage\"},\"thumbnailUrl\":\"https:\/\/ir-dweb.com\/blog\/wp-content\/uploads\/2022\/01\/agregar-imagenes-webp-a-wordpress.jpg\",\"datePublished\":\"2022-01-15T03:29:15+00:00\",\"dateModified\":\"2022-02-02T01:26:43+00:00\",\"author\":{\"@id\":\"https:\/\/ir-dweb.com\/blog\/#\/schema\/person\/bede4d84a8f7520a9c369566f1abcd34\"},\"description\":\"Agregar im\u00e1genes WebP a WordPress WebP es un formato de imagen que proporciona una compresi\u00f3n superior sin p\u00e9rdidas y con p\u00e9rdidas para im\u00e1genes en la\",\"breadcrumb\":{\"@id\":\"https:\/\/ir-dweb.com\/blog\/agregar-imagenes-webp-a-wordpress\/#breadcrumb\"},\"inLanguage\":\"es\",\"potentialAction\":[{\"@type\":\"ReadAction\",\"target\":[\"https:\/\/ir-dweb.com\/blog\/agregar-imagenes-webp-a-wordpress\/\"]}]},{\"@type\":\"ImageObject\",\"inLanguage\":\"es\",\"@id\":\"https:\/\/ir-dweb.com\/blog\/agregar-imagenes-webp-a-wordpress\/#primaryimage\",\"url\":\"https:\/\/ir-dweb.com\/blog\/wp-content\/uploads\/2022\/01\/agregar-imagenes-webp-a-wordpress.jpg\",\"contentUrl\":\"https:\/\/ir-dweb.com\/blog\/wp-content\/uploads\/2022\/01\/agregar-imagenes-webp-a-wordpress.jpg\",\"width\":700,\"height\":375},{\"@type\":\"BreadcrumbList\",\"@id\":\"https:\/\/ir-dweb.com\/blog\/agregar-imagenes-webp-a-wordpress\/#breadcrumb\",\"itemListElement\":[{\"@type\":\"ListItem\",\"position\":1,\"name\":\"Portada\",\"item\":\"https:\/\/ir-dweb.com\/blog\/\"},{\"@type\":\"ListItem\",\"position\":2,\"name\":\"Agregar im\u00e1genes WebP a WordPress\"}]},{\"@type\":\"WebSite\",\"@id\":\"https:\/\/ir-dweb.com\/blog\/#website\",\"url\":\"https:\/\/ir-dweb.com\/blog\/\",\"name\":\"Ivan Rettes Blog\",\"description\":\"Art\u00edculos y videos sobre Formaci\u00f3n personal, Marketing, Social Media, dise\u00f1o web\",\"potentialAction\":[{\"@type\":\"SearchAction\",\"target\":{\"@type\":\"EntryPoint\",\"urlTemplate\":\"https:\/\/ir-dweb.com\/blog\/?s={search_term_string}\"},\"query-input\":{\"@type\":\"PropertyValueSpecification\",\"valueRequired\":true,\"valueName\":\"search_term_string\"}}],\"inLanguage\":\"es\"},{\"@type\":\"Person\",\"@id\":\"https:\/\/ir-dweb.com\/blog\/#\/schema\/person\/bede4d84a8f7520a9c369566f1abcd34\",\"name\":\"iadmin\",\"image\":{\"@type\":\"ImageObject\",\"inLanguage\":\"es\",\"@id\":\"https:\/\/ir-dweb.com\/blog\/#\/schema\/person\/image\/\",\"url\":\"https:\/\/secure.gravatar.com\/avatar\/270d0e866f231ddc3b83f31558654532b1c875446a2c27f9a1b4bdea82e2c00a?s=96&d=mm&r=g\",\"contentUrl\":\"https:\/\/secure.gravatar.com\/avatar\/270d0e866f231ddc3b83f31558654532b1c875446a2c27f9a1b4bdea82e2c00a?s=96&d=mm&r=g\",\"caption\":\"iadmin\"}}]}<\/script>\n<!-- \/ Yoast SEO plugin. -->","yoast_head_json":{"title":"Agregar im\u00e1genes WebP a WordPress - Ivan Rettes Blog","description":"Agregar im\u00e1genes WebP a WordPress WebP es un formato de imagen que proporciona una compresi\u00f3n superior sin p\u00e9rdidas y con p\u00e9rdidas para im\u00e1genes en la","robots":{"index":"index","follow":"follow","max-snippet":"max-snippet:-1","max-image-preview":"max-image-preview:large","max-video-preview":"max-video-preview:-1"},"canonical":"https:\/\/ir-dweb.com\/blog\/agregar-imagenes-webp-a-wordpress\/","og_locale":"es_ES","og_type":"article","og_title":"Agregar im\u00e1genes WebP a WordPress - Ivan Rettes Blog","og_description":"Agregar im\u00e1genes WebP a WordPress WebP es un formato de imagen que proporciona una compresi\u00f3n superior sin p\u00e9rdidas y con p\u00e9rdidas para im\u00e1genes en la","og_url":"https:\/\/ir-dweb.com\/blog\/agregar-imagenes-webp-a-wordpress\/","og_site_name":"Ivan Rettes Blog","article_published_time":"2022-01-15T03:29:15+00:00","article_modified_time":"2022-02-02T01:26:43+00:00","og_image":[{"url":"https:\/\/ir-dweb.com\/blog\/wp-content\/uploads\/2022\/01\/agregar-imagenes-webp-a-wordpress.jpg","type":"","width":"","height":""}],"author":"iadmin","twitter_card":"summary_large_image","twitter_creator":"@irdweb","twitter_site":"@irdweb","twitter_misc":{"Escrito por":"iadmin","Tiempo de lectura":"2 minutos"},"schema":{"@context":"https:\/\/schema.org","@graph":[{"@type":"WebPage","@id":"https:\/\/ir-dweb.com\/blog\/agregar-imagenes-webp-a-wordpress\/","url":"https:\/\/ir-dweb.com\/blog\/agregar-imagenes-webp-a-wordpress\/","name":"Agregar im\u00e1genes WebP a WordPress - Ivan Rettes Blog","isPartOf":{"@id":"https:\/\/ir-dweb.com\/blog\/#website"},"primaryImageOfPage":{"@id":"https:\/\/ir-dweb.com\/blog\/agregar-imagenes-webp-a-wordpress\/#primaryimage"},"image":{"@id":"https:\/\/ir-dweb.com\/blog\/agregar-imagenes-webp-a-wordpress\/#primaryimage"},"thumbnailUrl":"https:\/\/ir-dweb.com\/blog\/wp-content\/uploads\/2022\/01\/agregar-imagenes-webp-a-wordpress.jpg","datePublished":"2022-01-15T03:29:15+00:00","dateModified":"2022-02-02T01:26:43+00:00","author":{"@id":"https:\/\/ir-dweb.com\/blog\/#\/schema\/person\/bede4d84a8f7520a9c369566f1abcd34"},"description":"Agregar im\u00e1genes WebP a WordPress WebP es un formato de imagen que proporciona una compresi\u00f3n superior sin p\u00e9rdidas y con p\u00e9rdidas para im\u00e1genes en la","breadcrumb":{"@id":"https:\/\/ir-dweb.com\/blog\/agregar-imagenes-webp-a-wordpress\/#breadcrumb"},"inLanguage":"es","potentialAction":[{"@type":"ReadAction","target":["https:\/\/ir-dweb.com\/blog\/agregar-imagenes-webp-a-wordpress\/"]}]},{"@type":"ImageObject","inLanguage":"es","@id":"https:\/\/ir-dweb.com\/blog\/agregar-imagenes-webp-a-wordpress\/#primaryimage","url":"https:\/\/ir-dweb.com\/blog\/wp-content\/uploads\/2022\/01\/agregar-imagenes-webp-a-wordpress.jpg","contentUrl":"https:\/\/ir-dweb.com\/blog\/wp-content\/uploads\/2022\/01\/agregar-imagenes-webp-a-wordpress.jpg","width":700,"height":375},{"@type":"BreadcrumbList","@id":"https:\/\/ir-dweb.com\/blog\/agregar-imagenes-webp-a-wordpress\/#breadcrumb","itemListElement":[{"@type":"ListItem","position":1,"name":"Portada","item":"https:\/\/ir-dweb.com\/blog\/"},{"@type":"ListItem","position":2,"name":"Agregar im\u00e1genes WebP a WordPress"}]},{"@type":"WebSite","@id":"https:\/\/ir-dweb.com\/blog\/#website","url":"https:\/\/ir-dweb.com\/blog\/","name":"Ivan Rettes Blog","description":"Art\u00edculos y videos sobre Formaci\u00f3n personal, Marketing, Social Media, dise\u00f1o web","potentialAction":[{"@type":"SearchAction","target":{"@type":"EntryPoint","urlTemplate":"https:\/\/ir-dweb.com\/blog\/?s={search_term_string}"},"query-input":{"@type":"PropertyValueSpecification","valueRequired":true,"valueName":"search_term_string"}}],"inLanguage":"es"},{"@type":"Person","@id":"https:\/\/ir-dweb.com\/blog\/#\/schema\/person\/bede4d84a8f7520a9c369566f1abcd34","name":"iadmin","image":{"@type":"ImageObject","inLanguage":"es","@id":"https:\/\/ir-dweb.com\/blog\/#\/schema\/person\/image\/","url":"https:\/\/secure.gravatar.com\/avatar\/270d0e866f231ddc3b83f31558654532b1c875446a2c27f9a1b4bdea82e2c00a?s=96&d=mm&r=g","contentUrl":"https:\/\/secure.gravatar.com\/avatar\/270d0e866f231ddc3b83f31558654532b1c875446a2c27f9a1b4bdea82e2c00a?s=96&d=mm&r=g","caption":"iadmin"}}]}},"_links":{"self":[{"href":"https:\/\/ir-dweb.com\/blog\/wp-json\/wp\/v2\/posts\/727","targetHints":{"allow":["GET"]}}],"collection":[{"href":"https:\/\/ir-dweb.com\/blog\/wp-json\/wp\/v2\/posts"}],"about":[{"href":"https:\/\/ir-dweb.com\/blog\/wp-json\/wp\/v2\/types\/post"}],"author":[{"embeddable":true,"href":"https:\/\/ir-dweb.com\/blog\/wp-json\/wp\/v2\/users\/1"}],"replies":[{"embeddable":true,"href":"https:\/\/ir-dweb.com\/blog\/wp-json\/wp\/v2\/comments?post=727"}],"version-history":[{"count":0,"href":"https:\/\/ir-dweb.com\/blog\/wp-json\/wp\/v2\/posts\/727\/revisions"}],"wp:attachment":[{"href":"https:\/\/ir-dweb.com\/blog\/wp-json\/wp\/v2\/media?parent=727"}],"wp:term":[{"taxonomy":"category","embeddable":true,"href":"https:\/\/ir-dweb.com\/blog\/wp-json\/wp\/v2\/categories?post=727"},{"taxonomy":"post_tag","embeddable":true,"href":"https:\/\/ir-dweb.com\/blog\/wp-json\/wp\/v2\/tags?post=727"}],"curies":[{"name":"wp","href":"https:\/\/api.w.org\/{rel}","templated":true}]}}