{"id":723,"date":"2021-11-17T12:05:19","date_gmt":"2021-11-17T17:05:19","guid":{"rendered":"https:\/\/ir-dweb.com\/blog\/?p=723"},"modified":"2022-02-01T20:26:55","modified_gmt":"2022-02-02T01:26:55","slug":"labitconf-2021-el-salvador","status":"publish","type":"post","link":"https:\/\/ir-dweb.com\/blog\/labitconf-2021-el-salvador\/","title":{"rendered":"LABITCONF 2021 El Salvador"},"content":{"rendered":"Compartir <div class=\"synved-social-container synved-social-container-share\"><a class=\"synved-social-button synved-social-button-share synved-social-size-32 synved-social-resolution-single synved-social-provider-facebook nolightbox\" data-provider=\"facebook\" target=\"_blank\" rel=\"nofollow\" title=\"Compartir en Facebook\" href=\"https:\/\/www.facebook.com\/sharer.php?u=https%3A%2F%2Fir-dweb.com%2Fblog&#038;t=LABITCONF%202021%20El%20Salvador&#038;s=100&#038;p&#091;url&#093;=https%3A%2F%2Fir-dweb.com%2Fblog&#038;p&#091;images&#093;&#091;0&#093;=https%3A%2F%2Fir-dweb.com%2Fblog%2Fwp-content%2Fuploads%2F2021%2F11%2FLABITCONF-El-Salvador-2021-1024x576.jpg&#038;p&#091;title&#093;=LABITCONF%202021%20El%20Salvador\" style=\"font-size: 0px;width:32px;height:32px;margin:0;margin-bottom:10px;margin-right:10px\"><img loading=\"lazy\" decoding=\"async\" alt=\"Facebook\" title=\"Compartir en Facebook\" class=\"synved-share-image synved-social-image synved-social-image-share\" width=\"32\" height=\"32\" style=\"display: inline;width:32px;height:32px;margin: 0;padding: 0;border: none;box-shadow: none\" src=\"https:\/\/ir-dweb.com\/blog\/wp-content\/plugins\/social-media-feather\/synved-social\/image\/social\/regular\/64x64\/facebook.png\" \/><\/a><a class=\"synved-social-button synved-social-button-share synved-social-size-32 synved-social-resolution-single synved-social-provider-twitter nolightbox\" data-provider=\"twitter\" target=\"_blank\" rel=\"nofollow\" title=\"Compartir en Twitter\" href=\"https:\/\/twitter.com\/share?url=https%3A%2F%2Fir-dweb.com%2Fblog&#038;text=LABITCONF%202021%20El%20Salvador\" style=\"font-size: 0px;width:32px;height:32px;margin:0;margin-bottom:10px;margin-right:10px\"><img loading=\"lazy\" decoding=\"async\" alt=\"twitter\" title=\"Compartir en Twitter\" class=\"synved-share-image synved-social-image synved-social-image-share\" width=\"32\" height=\"32\" style=\"display: inline;width:32px;height:32px;margin: 0;padding: 0;border: none;box-shadow: none\" src=\"https:\/\/ir-dweb.com\/blog\/wp-content\/plugins\/social-media-feather\/synved-social\/image\/social\/regular\/64x64\/twitter.png\" \/><\/a><a class=\"synved-social-button synved-social-button-share synved-social-size-32 synved-social-resolution-single synved-social-provider-linkedin nolightbox\" data-provider=\"linkedin\" target=\"_blank\" rel=\"nofollow\" title=\"Compartir en Linkedin\" href=\"https:\/\/www.linkedin.com\/shareArticle?mini=true&#038;url=https%3A%2F%2Fir-dweb.com%2Fblog&#038;title=LABITCONF%202021%20El%20Salvador\" style=\"font-size: 0px;width:32px;height:32px;margin:0;margin-bottom:10px\"><img loading=\"lazy\" decoding=\"async\" alt=\"linkedin\" title=\"Compartir en Linkedin\" class=\"synved-share-image synved-social-image synved-social-image-share\" width=\"32\" height=\"32\" style=\"display: inline;width:32px;height:32px;margin: 0;padding: 0;border: none;box-shadow: none\" src=\"https:\/\/ir-dweb.com\/blog\/wp-content\/plugins\/social-media-feather\/synved-social\/image\/social\/regular\/64x64\/linkedin.png\" \/><\/a><\/div>\n<figure class=\"wp-block-image size-large\"><a href=\"https:\/\/ir-dweb.com\/blog\/wp-content\/uploads\/2021\/11\/LABITCONF-El-Salvador-2021.jpg\"><img loading=\"lazy\" decoding=\"async\" width=\"1024\" height=\"576\" src=\"https:\/\/ir-dweb.com\/blog\/wp-content\/uploads\/2021\/11\/LABITCONF-El-Salvador-2021-1024x576.jpg\" alt=\"LABITCONF El Salvador 2021\" class=\"wp-image-724\" srcset=\"https:\/\/ir-dweb.com\/blog\/wp-content\/uploads\/2021\/11\/LABITCONF-El-Salvador-2021-1024x576.jpg 1024w, https:\/\/ir-dweb.com\/blog\/wp-content\/uploads\/2021\/11\/LABITCONF-El-Salvador-2021-300x169.jpg 300w, https:\/\/ir-dweb.com\/blog\/wp-content\/uploads\/2021\/11\/LABITCONF-El-Salvador-2021-768x432.jpg 768w, https:\/\/ir-dweb.com\/blog\/wp-content\/uploads\/2021\/11\/LABITCONF-El-Salvador-2021.jpg 1200w\" sizes=\"auto, (max-width: 1024px) 100vw, 1024px\" \/><\/a><\/figure>\n\n\n\n<p>Toda la comunidad de #bitcoin se re\u00fane en #LABITCONF El Salvador \ud83c\uddf8\ud83c\uddfb<\/p>\n\n\n\n<p>Del 15 al 20 de Noviembre #BitcoinWeek<\/p>\n\n\n\n<p>Web <a href=\"https:\/\/labitconf.com\" target=\"_blank\" rel=\"noreferrer noopener\">https:\/\/labitconf.com<\/a><\/p>\nCompartir <div class=\"synved-social-container synved-social-container-share\"><a class=\"synved-social-button synved-social-button-share synved-social-size-32 synved-social-resolution-single synved-social-provider-facebook nolightbox\" data-provider=\"facebook\" target=\"_blank\" rel=\"nofollow\" title=\"Compartir en Facebook\" href=\"https:\/\/www.facebook.com\/sharer.php?u=https%3A%2F%2Fir-dweb.com%2Fblog&#038;t=LABITCONF%202021%20El%20Salvador&#038;s=100&#038;p&#091;url&#093;=https%3A%2F%2Fir-dweb.com%2Fblog&#038;p&#091;images&#093;&#091;0&#093;=https%3A%2F%2Fir-dweb.com%2Fblog%2Fwp-content%2Fuploads%2F2021%2F11%2FLABITCONF-El-Salvador-2021-1024x576.jpg&#038;p&#091;title&#093;=LABITCONF%202021%20El%20Salvador\" style=\"font-size: 0px;width:32px;height:32px;margin:0;margin-bottom:10px;margin-right:10px\"><img loading=\"lazy\" decoding=\"async\" alt=\"Facebook\" title=\"Compartir en Facebook\" class=\"synved-share-image synved-social-image synved-social-image-share\" width=\"32\" height=\"32\" style=\"display: inline;width:32px;height:32px;margin: 0;padding: 0;border: none;box-shadow: none\" src=\"https:\/\/ir-dweb.com\/blog\/wp-content\/plugins\/social-media-feather\/synved-social\/image\/social\/regular\/64x64\/facebook.png\" \/><\/a><a class=\"synved-social-button synved-social-button-share synved-social-size-32 synved-social-resolution-single synved-social-provider-twitter nolightbox\" data-provider=\"twitter\" target=\"_blank\" rel=\"nofollow\" title=\"Compartir en Twitter\" href=\"https:\/\/twitter.com\/share?url=https%3A%2F%2Fir-dweb.com%2Fblog&#038;text=LABITCONF%202021%20El%20Salvador\" style=\"font-size: 0px;width:32px;height:32px;margin:0;margin-bottom:10px;margin-right:10px\"><img loading=\"lazy\" decoding=\"async\" alt=\"twitter\" title=\"Compartir en Twitter\" class=\"synved-share-image synved-social-image synved-social-image-share\" width=\"32\" height=\"32\" style=\"display: inline;width:32px;height:32px;margin: 0;padding: 0;border: none;box-shadow: none\" src=\"https:\/\/ir-dweb.com\/blog\/wp-content\/plugins\/social-media-feather\/synved-social\/image\/social\/regular\/64x64\/twitter.png\" \/><\/a><a class=\"synved-social-button synved-social-button-share synved-social-size-32 synved-social-resolution-single synved-social-provider-linkedin nolightbox\" data-provider=\"linkedin\" target=\"_blank\" rel=\"nofollow\" title=\"Compartir en Linkedin\" href=\"https:\/\/www.linkedin.com\/shareArticle?mini=true&#038;url=https%3A%2F%2Fir-dweb.com%2Fblog&#038;title=LABITCONF%202021%20El%20Salvador\" style=\"font-size: 0px;width:32px;height:32px;margin:0;margin-bottom:10px\"><img loading=\"lazy\" decoding=\"async\" alt=\"linkedin\" title=\"Compartir en Linkedin\" class=\"synved-share-image synved-social-image synved-social-image-share\" width=\"32\" height=\"32\" style=\"display: inline;width:32px;height:32px;margin: 0;padding: 0;border: none;box-shadow: none\" src=\"https:\/\/ir-dweb.com\/blog\/wp-content\/plugins\/social-media-feather\/synved-social\/image\/social\/regular\/64x64\/linkedin.png\" \/><\/a><\/div>","protected":false},"excerpt":{"rendered":"<p>Compartir Toda la comunidad de #bitcoin se re\u00fane en #LABITCONF El Salvador \ud83c\uddf8\ud83c\uddfb Del 15 al 20 de Noviembre #BitcoinWeek Web https:\/\/labitconf.com Compartir<\/p>\n","protected":false},"author":1,"featured_media":0,"comment_status":"open","ping_status":"closed","sticky":false,"template":"","format":"standard","meta":{"footnotes":""},"categories":[16],"tags":[],"class_list":["post-723","post","type-post","status-publish","format-standard","hentry","category-eventos"],"yoast_head":"<!-- This site is optimized with the Yoast SEO plugin v25.4 - https:\/\/yoast.com\/wordpress\/plugins\/seo\/ -->\n<title>LABITCONF 2021 El Salvador - Ivan Rettes Blog<\/title>\n<meta name=\"description\" content=\"Toda la comunidad de #bitcoin se re\u00fane en #LABITCONF El Salvador \ud83c\uddf8\ud83c\uddfb  Del 15 al 20 de Noviembre #BitcoinWeek  Web https:\/\/labitconf.com\" \/>\n<meta name=\"robots\" content=\"index, follow, max-snippet:-1, max-image-preview:large, max-video-preview:-1\" \/>\n<link rel=\"canonical\" href=\"https:\/\/ir-dweb.com\/blog\/labitconf-2021-el-salvador\/\" \/>\n<meta property=\"og:locale\" content=\"es_ES\" \/>\n<meta property=\"og:type\" content=\"article\" \/>\n<meta property=\"og:title\" content=\"LABITCONF 2021 El Salvador - Ivan Rettes Blog\" \/>\n<meta property=\"og:description\" content=\"Toda la comunidad de #bitcoin se re\u00fane en #LABITCONF El Salvador \ud83c\uddf8\ud83c\uddfb  Del 15 al 20 de Noviembre #BitcoinWeek  Web https:\/\/labitconf.com\" \/>\n<meta property=\"og:url\" content=\"https:\/\/ir-dweb.com\/blog\/labitconf-2021-el-salvador\/\" \/>\n<meta property=\"og:site_name\" content=\"Ivan Rettes Blog\" \/>\n<meta property=\"article:published_time\" content=\"2021-11-17T17:05:19+00:00\" \/>\n<meta property=\"article:modified_time\" content=\"2022-02-02T01:26:55+00:00\" \/>\n<meta property=\"og:image\" content=\"https:\/\/ir-dweb.com\/blog\/wp-content\/uploads\/2021\/11\/LABITCONF-El-Salvador-2021-1024x576.jpg\" \/>\n<meta name=\"author\" content=\"iadmin\" \/>\n<meta name=\"twitter:card\" content=\"summary_large_image\" \/>\n<meta name=\"twitter:creator\" content=\"@irdweb\" \/>\n<meta name=\"twitter:site\" content=\"@irdweb\" \/>\n<meta name=\"twitter:label1\" content=\"Escrito por\" \/>\n\t<meta name=\"twitter:data1\" content=\"iadmin\" \/>\n\t<meta name=\"twitter:label2\" content=\"Tiempo de lectura\" \/>\n\t<meta name=\"twitter:data2\" content=\"1 minuto\" \/>\n<script type=\"application\/ld+json\" class=\"yoast-schema-graph\">{\"@context\":\"https:\/\/schema.org\",\"@graph\":[{\"@type\":\"WebPage\",\"@id\":\"https:\/\/ir-dweb.com\/blog\/labitconf-2021-el-salvador\/\",\"url\":\"https:\/\/ir-dweb.com\/blog\/labitconf-2021-el-salvador\/\",\"name\":\"LABITCONF 2021 El Salvador - Ivan Rettes Blog\",\"isPartOf\":{\"@id\":\"https:\/\/ir-dweb.com\/blog\/#website\"},\"primaryImageOfPage\":{\"@id\":\"https:\/\/ir-dweb.com\/blog\/labitconf-2021-el-salvador\/#primaryimage\"},\"image\":{\"@id\":\"https:\/\/ir-dweb.com\/blog\/labitconf-2021-el-salvador\/#primaryimage\"},\"thumbnailUrl\":\"https:\/\/ir-dweb.com\/blog\/wp-content\/uploads\/2021\/11\/LABITCONF-El-Salvador-2021-1024x576.jpg\",\"datePublished\":\"2021-11-17T17:05:19+00:00\",\"dateModified\":\"2022-02-02T01:26:55+00:00\",\"author\":{\"@id\":\"https:\/\/ir-dweb.com\/blog\/#\/schema\/person\/bede4d84a8f7520a9c369566f1abcd34\"},\"description\":\"Toda la comunidad de #bitcoin se re\u00fane en #LABITCONF El Salvador \ud83c\uddf8\ud83c\uddfb Del 15 al 20 de Noviembre #BitcoinWeek Web https:\/\/labitconf.com\",\"breadcrumb\":{\"@id\":\"https:\/\/ir-dweb.com\/blog\/labitconf-2021-el-salvador\/#breadcrumb\"},\"inLanguage\":\"es\",\"potentialAction\":[{\"@type\":\"ReadAction\",\"target\":[\"https:\/\/ir-dweb.com\/blog\/labitconf-2021-el-salvador\/\"]}]},{\"@type\":\"ImageObject\",\"inLanguage\":\"es\",\"@id\":\"https:\/\/ir-dweb.com\/blog\/labitconf-2021-el-salvador\/#primaryimage\",\"url\":\"https:\/\/ir-dweb.com\/blog\/wp-content\/uploads\/2021\/11\/LABITCONF-El-Salvador-2021.jpg\",\"contentUrl\":\"https:\/\/ir-dweb.com\/blog\/wp-content\/uploads\/2021\/11\/LABITCONF-El-Salvador-2021.jpg\",\"width\":1200,\"height\":675,\"caption\":\"LABITCONF El Salvador 2021\"},{\"@type\":\"BreadcrumbList\",\"@id\":\"https:\/\/ir-dweb.com\/blog\/labitconf-2021-el-salvador\/#breadcrumb\",\"itemListElement\":[{\"@type\":\"ListItem\",\"position\":1,\"name\":\"Portada\",\"item\":\"https:\/\/ir-dweb.com\/blog\/\"},{\"@type\":\"ListItem\",\"position\":2,\"name\":\"LABITCONF 2021 El Salvador\"}]},{\"@type\":\"WebSite\",\"@id\":\"https:\/\/ir-dweb.com\/blog\/#website\",\"url\":\"https:\/\/ir-dweb.com\/blog\/\",\"name\":\"Ivan Rettes Blog\",\"description\":\"Art\u00edculos y videos sobre Formaci\u00f3n personal, Marketing, Social Media, dise\u00f1o web\",\"potentialAction\":[{\"@type\":\"SearchAction\",\"target\":{\"@type\":\"EntryPoint\",\"urlTemplate\":\"https:\/\/ir-dweb.com\/blog\/?s={search_term_string}\"},\"query-input\":{\"@type\":\"PropertyValueSpecification\",\"valueRequired\":true,\"valueName\":\"search_term_string\"}}],\"inLanguage\":\"es\"},{\"@type\":\"Person\",\"@id\":\"https:\/\/ir-dweb.com\/blog\/#\/schema\/person\/bede4d84a8f7520a9c369566f1abcd34\",\"name\":\"iadmin\",\"image\":{\"@type\":\"ImageObject\",\"inLanguage\":\"es\",\"@id\":\"https:\/\/ir-dweb.com\/blog\/#\/schema\/person\/image\/\",\"url\":\"https:\/\/secure.gravatar.com\/avatar\/270d0e866f231ddc3b83f31558654532b1c875446a2c27f9a1b4bdea82e2c00a?s=96&d=mm&r=g\",\"contentUrl\":\"https:\/\/secure.gravatar.com\/avatar\/270d0e866f231ddc3b83f31558654532b1c875446a2c27f9a1b4bdea82e2c00a?s=96&d=mm&r=g\",\"caption\":\"iadmin\"}}]}<\/script>\n<!-- \/ Yoast SEO plugin. -->","yoast_head_json":{"title":"LABITCONF 2021 El Salvador - Ivan Rettes Blog","description":"Toda la comunidad de #bitcoin se re\u00fane en #LABITCONF El Salvador \ud83c\uddf8\ud83c\uddfb  Del 15 al 20 de Noviembre #BitcoinWeek  Web https:\/\/labitconf.com","robots":{"index":"index","follow":"follow","max-snippet":"max-snippet:-1","max-image-preview":"max-image-preview:large","max-video-preview":"max-video-preview:-1"},"canonical":"https:\/\/ir-dweb.com\/blog\/labitconf-2021-el-salvador\/","og_locale":"es_ES","og_type":"article","og_title":"LABITCONF 2021 El Salvador - Ivan Rettes Blog","og_description":"Toda la comunidad de #bitcoin se re\u00fane en #LABITCONF El Salvador \ud83c\uddf8\ud83c\uddfb  Del 15 al 20 de Noviembre #BitcoinWeek  Web https:\/\/labitconf.com","og_url":"https:\/\/ir-dweb.com\/blog\/labitconf-2021-el-salvador\/","og_site_name":"Ivan Rettes Blog","article_published_time":"2021-11-17T17:05:19+00:00","article_modified_time":"2022-02-02T01:26:55+00:00","og_image":[{"url":"https:\/\/ir-dweb.com\/blog\/wp-content\/uploads\/2021\/11\/LABITCONF-El-Salvador-2021-1024x576.jpg","type":"","width":"","height":""}],"author":"iadmin","twitter_card":"summary_large_image","twitter_creator":"@irdweb","twitter_site":"@irdweb","twitter_misc":{"Escrito por":"iadmin","Tiempo de lectura":"1 minuto"},"schema":{"@context":"https:\/\/schema.org","@graph":[{"@type":"WebPage","@id":"https:\/\/ir-dweb.com\/blog\/labitconf-2021-el-salvador\/","url":"https:\/\/ir-dweb.com\/blog\/labitconf-2021-el-salvador\/","name":"LABITCONF 2021 El Salvador - Ivan Rettes Blog","isPartOf":{"@id":"https:\/\/ir-dweb.com\/blog\/#website"},"primaryImageOfPage":{"@id":"https:\/\/ir-dweb.com\/blog\/labitconf-2021-el-salvador\/#primaryimage"},"image":{"@id":"https:\/\/ir-dweb.com\/blog\/labitconf-2021-el-salvador\/#primaryimage"},"thumbnailUrl":"https:\/\/ir-dweb.com\/blog\/wp-content\/uploads\/2021\/11\/LABITCONF-El-Salvador-2021-1024x576.jpg","datePublished":"2021-11-17T17:05:19+00:00","dateModified":"2022-02-02T01:26:55+00:00","author":{"@id":"https:\/\/ir-dweb.com\/blog\/#\/schema\/person\/bede4d84a8f7520a9c369566f1abcd34"},"description":"Toda la comunidad de #bitcoin se re\u00fane en #LABITCONF El Salvador \ud83c\uddf8\ud83c\uddfb Del 15 al 20 de Noviembre #BitcoinWeek Web https:\/\/labitconf.com","breadcrumb":{"@id":"https:\/\/ir-dweb.com\/blog\/labitconf-2021-el-salvador\/#breadcrumb"},"inLanguage":"es","potentialAction":[{"@type":"ReadAction","target":["https:\/\/ir-dweb.com\/blog\/labitconf-2021-el-salvador\/"]}]},{"@type":"ImageObject","inLanguage":"es","@id":"https:\/\/ir-dweb.com\/blog\/labitconf-2021-el-salvador\/#primaryimage","url":"https:\/\/ir-dweb.com\/blog\/wp-content\/uploads\/2021\/11\/LABITCONF-El-Salvador-2021.jpg","contentUrl":"https:\/\/ir-dweb.com\/blog\/wp-content\/uploads\/2021\/11\/LABITCONF-El-Salvador-2021.jpg","width":1200,"height":675,"caption":"LABITCONF El Salvador 2021"},{"@type":"BreadcrumbList","@id":"https:\/\/ir-dweb.com\/blog\/labitconf-2021-el-salvador\/#breadcrumb","itemListElement":[{"@type":"ListItem","position":1,"name":"Portada","item":"https:\/\/ir-dweb.com\/blog\/"},{"@type":"ListItem","position":2,"name":"LABITCONF 2021 El Salvador"}]},{"@type":"WebSite","@id":"https:\/\/ir-dweb.com\/blog\/#website","url":"https:\/\/ir-dweb.com\/blog\/","name":"Ivan Rettes Blog","description":"Art\u00edculos y videos sobre Formaci\u00f3n personal, Marketing, Social Media, dise\u00f1o web","potentialAction":[{"@type":"SearchAction","target":{"@type":"EntryPoint","urlTemplate":"https:\/\/ir-dweb.com\/blog\/?s={search_term_string}"},"query-input":{"@type":"PropertyValueSpecification","valueRequired":true,"valueName":"search_term_string"}}],"inLanguage":"es"},{"@type":"Person","@id":"https:\/\/ir-dweb.com\/blog\/#\/schema\/person\/bede4d84a8f7520a9c369566f1abcd34","name":"iadmin","image":{"@type":"ImageObject","inLanguage":"es","@id":"https:\/\/ir-dweb.com\/blog\/#\/schema\/person\/image\/","url":"https:\/\/secure.gravatar.com\/avatar\/270d0e866f231ddc3b83f31558654532b1c875446a2c27f9a1b4bdea82e2c00a?s=96&d=mm&r=g","contentUrl":"https:\/\/secure.gravatar.com\/avatar\/270d0e866f231ddc3b83f31558654532b1c875446a2c27f9a1b4bdea82e2c00a?s=96&d=mm&r=g","caption":"iadmin"}}]}},"_links":{"self":[{"href":"https:\/\/ir-dweb.com\/blog\/wp-json\/wp\/v2\/posts\/723","targetHints":{"allow":["GET"]}}],"collection":[{"href":"https:\/\/ir-dweb.com\/blog\/wp-json\/wp\/v2\/posts"}],"about":[{"href":"https:\/\/ir-dweb.com\/blog\/wp-json\/wp\/v2\/types\/post"}],"author":[{"embeddable":true,"href":"https:\/\/ir-dweb.com\/blog\/wp-json\/wp\/v2\/users\/1"}],"replies":[{"embeddable":true,"href":"https:\/\/ir-dweb.com\/blog\/wp-json\/wp\/v2\/comments?post=723"}],"version-history":[{"count":0,"href":"https:\/\/ir-dweb.com\/blog\/wp-json\/wp\/v2\/posts\/723\/revisions"}],"wp:attachment":[{"href":"https:\/\/ir-dweb.com\/blog\/wp-json\/wp\/v2\/media?parent=723"}],"wp:term":[{"taxonomy":"category","embeddable":true,"href":"https:\/\/ir-dweb.com\/blog\/wp-json\/wp\/v2\/categories?post=723"},{"taxonomy":"post_tag","embeddable":true,"href":"https:\/\/ir-dweb.com\/blog\/wp-json\/wp\/v2\/tags?post=723"}],"curies":[{"name":"wp","href":"https:\/\/api.w.org\/{rel}","templated":true}]}}