{"id":40,"date":"2011-11-15T20:44:07","date_gmt":"2011-11-16T01:44:07","guid":{"rendered":"http:\/\/localhost\/word\/?p=40"},"modified":"2018-01-16T22:51:09","modified_gmt":"2018-01-17T03:51:09","slug":"kathryn-schulz-estar-equivocado","status":"publish","type":"post","link":"https:\/\/ir-dweb.com\/blog\/kathryn-schulz-estar-equivocado\/","title":{"rendered":"Kathryn Schulz: estar equivocado"},"content":{"rendered":"Compartir <div class=\"synved-social-container synved-social-container-share\"><a class=\"synved-social-button synved-social-button-share synved-social-size-32 synved-social-resolution-single synved-social-provider-facebook nolightbox\" data-provider=\"facebook\" target=\"_blank\" rel=\"nofollow\" title=\"Compartir en Facebook\" href=\"https:\/\/www.facebook.com\/sharer.php?u=https%3A%2F%2Fir-dweb.com%2Fblog&#038;t=Kathryn%20Schulz%3A%20estar%20equivocado&#038;s=100&#038;p&#091;url&#093;=https%3A%2F%2Fir-dweb.com%2Fblog&#038;p&#091;images&#093;&#091;0&#093;=&#038;p&#091;title&#093;=Kathryn%20Schulz%3A%20estar%20equivocado\" style=\"font-size: 0px;width:32px;height:32px;margin:0;margin-bottom:10px;margin-right:10px\"><img loading=\"lazy\" decoding=\"async\" alt=\"Facebook\" title=\"Compartir en Facebook\" class=\"synved-share-image synved-social-image synved-social-image-share\" width=\"32\" height=\"32\" style=\"display: inline;width:32px;height:32px;margin: 0;padding: 0;border: none;box-shadow: none\" src=\"https:\/\/ir-dweb.com\/blog\/wp-content\/plugins\/social-media-feather\/synved-social\/image\/social\/regular\/64x64\/facebook.png\" \/><\/a><a class=\"synved-social-button synved-social-button-share synved-social-size-32 synved-social-resolution-single synved-social-provider-twitter nolightbox\" data-provider=\"twitter\" target=\"_blank\" rel=\"nofollow\" title=\"Compartir en Twitter\" href=\"https:\/\/twitter.com\/share?url=https%3A%2F%2Fir-dweb.com%2Fblog&#038;text=Kathryn%20Schulz%3A%20estar%20equivocado\" style=\"font-size: 0px;width:32px;height:32px;margin:0;margin-bottom:10px;margin-right:10px\"><img loading=\"lazy\" decoding=\"async\" alt=\"twitter\" title=\"Compartir en Twitter\" class=\"synved-share-image synved-social-image synved-social-image-share\" width=\"32\" height=\"32\" style=\"display: inline;width:32px;height:32px;margin: 0;padding: 0;border: none;box-shadow: none\" src=\"https:\/\/ir-dweb.com\/blog\/wp-content\/plugins\/social-media-feather\/synved-social\/image\/social\/regular\/64x64\/twitter.png\" \/><\/a><a class=\"synved-social-button synved-social-button-share synved-social-size-32 synved-social-resolution-single synved-social-provider-linkedin nolightbox\" data-provider=\"linkedin\" target=\"_blank\" rel=\"nofollow\" title=\"Compartir en Linkedin\" href=\"https:\/\/www.linkedin.com\/shareArticle?mini=true&#038;url=https%3A%2F%2Fir-dweb.com%2Fblog&#038;title=Kathryn%20Schulz%3A%20estar%20equivocado\" style=\"font-size: 0px;width:32px;height:32px;margin:0;margin-bottom:10px\"><img loading=\"lazy\" decoding=\"async\" alt=\"linkedin\" title=\"Compartir en Linkedin\" class=\"synved-share-image synved-social-image synved-social-image-share\" width=\"32\" height=\"32\" style=\"display: inline;width:32px;height:32px;margin: 0;padding: 0;border: none;box-shadow: none\" src=\"https:\/\/ir-dweb.com\/blog\/wp-content\/plugins\/social-media-feather\/synved-social\/image\/social\/regular\/64x64\/linkedin.png\" \/><\/a><\/div><p>La mayor\u00eda de nosotros no hace nada para evitar equivocarse. Pero \u00bfy si nos equivocamos en eso? La \u00abequivocadologista\u00bb Kathryn Schulz plantea la idea convincente no s\u00f3lo de reconocerla sino de aferrarnos a nuestra falibilidad.<\/p>\n<p><object width=\"526\" height=\"374\" classid=\"clsid:d27cdb6e-ae6d-11cf-96b8-444553540000\" codebase=\"http:\/\/download.macromedia.com\/pub\/shockwave\/cabs\/flash\/swflash.cab#version=6,0,40,0\"><param name=\"allowFullScreen\" value=\"true\" \/><param name=\"allowScriptAccess\" value=\"always\" \/><param name=\"wmode\" value=\"transparent\" \/><param name=\"bgColor\" value=\"#ffffff\" \/><param name=\"flashvars\" value=\"vu=http:\/\/video.ted.com\/talk\/stream\/2011\/Blank\/KathrynSchulz_2011-320k.mp4&amp;su=http:\/\/images.ted.com\/images\/ted\/tedindex\/embed-posters\/KathrynSchulz-2011.embed_thumbnail.jpg&amp;vw=512&amp;vh=288&amp;ap=0&amp;ti=1126&amp;lang=es&amp;introDuration=15330&amp;adDuration=4000&amp;postAdDuration=830&amp;adKeys=talk=kathryn_schulz_on_being_wrong;year=2011;theme=master_storytellers;theme=how_the_mind_works;event=TED2011;tag=Culture;tag=failure;&amp;preAdTag=tconf.ted\/embed;tile=1;sz=512x288;\" \/><param name=\"src\" value=\"http:\/\/video.ted.com\/assets\/player\/swf\/EmbedPlayer.swf\" \/><param name=\"pluginspace\" value=\"http:\/\/www.macromedia.com\/go\/getflashplayer\" \/><param name=\"allowfullscreen\" value=\"true\" \/><param name=\"allowscriptaccess\" value=\"always\" \/><embed width=\"526\" height=\"374\" type=\"application\/x-shockwave-flash\" src=\"http:\/\/video.ted.com\/assets\/player\/swf\/EmbedPlayer.swf\" allowFullScreen=\"true\" allowScriptAccess=\"always\" wmode=\"transparent\" bgColor=\"#ffffff\" flashvars=\"vu=http:\/\/video.ted.com\/talk\/stream\/2011\/Blank\/KathrynSchulz_2011-320k.mp4&amp;su=http:\/\/images.ted.com\/images\/ted\/tedindex\/embed-posters\/KathrynSchulz-2011.embed_thumbnail.jpg&amp;vw=512&amp;vh=288&amp;ap=0&amp;ti=1126&amp;lang=es&amp;introDuration=15330&amp;adDuration=4000&amp;postAdDuration=830&amp;adKeys=talk=kathryn_schulz_on_being_wrong;year=2011;theme=master_storytellers;theme=how_the_mind_works;event=TED2011;tag=Culture;tag=failure;&amp;preAdTag=tconf.ted\/embed;tile=1;sz=512x288;\" pluginspace=\"http:\/\/www.macromedia.com\/go\/getflashplayer\" allowfullscreen=\"true\" allowscriptaccess=\"always\" \/><\/object><br \/>\nFuente: www.ted.com<\/p>\nCompartir <div class=\"synved-social-container synved-social-container-share\"><a class=\"synved-social-button synved-social-button-share synved-social-size-32 synved-social-resolution-single synved-social-provider-facebook nolightbox\" data-provider=\"facebook\" target=\"_blank\" rel=\"nofollow\" title=\"Compartir en Facebook\" href=\"https:\/\/www.facebook.com\/sharer.php?u=https%3A%2F%2Fir-dweb.com%2Fblog&#038;t=Kathryn%20Schulz%3A%20estar%20equivocado&#038;s=100&#038;p&#091;url&#093;=https%3A%2F%2Fir-dweb.com%2Fblog&#038;p&#091;images&#093;&#091;0&#093;=&#038;p&#091;title&#093;=Kathryn%20Schulz%3A%20estar%20equivocado\" style=\"font-size: 0px;width:32px;height:32px;margin:0;margin-bottom:10px;margin-right:10px\"><img loading=\"lazy\" decoding=\"async\" alt=\"Facebook\" title=\"Compartir en Facebook\" class=\"synved-share-image synved-social-image synved-social-image-share\" width=\"32\" height=\"32\" style=\"display: inline;width:32px;height:32px;margin: 0;padding: 0;border: none;box-shadow: none\" src=\"https:\/\/ir-dweb.com\/blog\/wp-content\/plugins\/social-media-feather\/synved-social\/image\/social\/regular\/64x64\/facebook.png\" \/><\/a><a class=\"synved-social-button synved-social-button-share synved-social-size-32 synved-social-resolution-single synved-social-provider-twitter nolightbox\" data-provider=\"twitter\" target=\"_blank\" rel=\"nofollow\" title=\"Compartir en Twitter\" href=\"https:\/\/twitter.com\/share?url=https%3A%2F%2Fir-dweb.com%2Fblog&#038;text=Kathryn%20Schulz%3A%20estar%20equivocado\" style=\"font-size: 0px;width:32px;height:32px;margin:0;margin-bottom:10px;margin-right:10px\"><img loading=\"lazy\" decoding=\"async\" alt=\"twitter\" title=\"Compartir en Twitter\" class=\"synved-share-image synved-social-image synved-social-image-share\" width=\"32\" height=\"32\" style=\"display: inline;width:32px;height:32px;margin: 0;padding: 0;border: none;box-shadow: none\" src=\"https:\/\/ir-dweb.com\/blog\/wp-content\/plugins\/social-media-feather\/synved-social\/image\/social\/regular\/64x64\/twitter.png\" \/><\/a><a class=\"synved-social-button synved-social-button-share synved-social-size-32 synved-social-resolution-single synved-social-provider-linkedin nolightbox\" data-provider=\"linkedin\" target=\"_blank\" rel=\"nofollow\" title=\"Compartir en Linkedin\" href=\"https:\/\/www.linkedin.com\/shareArticle?mini=true&#038;url=https%3A%2F%2Fir-dweb.com%2Fblog&#038;title=Kathryn%20Schulz%3A%20estar%20equivocado\" style=\"font-size: 0px;width:32px;height:32px;margin:0;margin-bottom:10px\"><img loading=\"lazy\" decoding=\"async\" alt=\"linkedin\" title=\"Compartir en Linkedin\" class=\"synved-share-image synved-social-image synved-social-image-share\" width=\"32\" height=\"32\" style=\"display: inline;width:32px;height:32px;margin: 0;padding: 0;border: none;box-shadow: none\" src=\"https:\/\/ir-dweb.com\/blog\/wp-content\/plugins\/social-media-feather\/synved-social\/image\/social\/regular\/64x64\/linkedin.png\" \/><\/a><\/div>","protected":false},"excerpt":{"rendered":"<p>Compartir La mayor\u00eda de nosotros no hace nada para evitar equivocarse. Pero \u00bfy si nos equivocamos en eso? La \u00abequivocadologista\u00bb Kathryn Schulz plantea la idea convincente no s\u00f3lo de reconocerla sino de aferrarnos a nuestra falibilidad. Fuente: www.ted.com Compartir<\/p>\n","protected":false},"author":2,"featured_media":0,"comment_status":"open","ping_status":"closed","sticky":false,"template":"","format":"standard","meta":{"footnotes":""},"categories":[10],"tags":[],"class_list":["post-40","post","type-post","status-publish","format-standard","hentry","category-ted"],"yoast_head":"<!-- This site is optimized with the Yoast SEO plugin v25.4 - https:\/\/yoast.com\/wordpress\/plugins\/seo\/ -->\n<title>Kathryn Schulz: estar equivocado - Ivan Rettes Blog<\/title>\n<meta name=\"description\" content=\"La mayor\u00eda de nosotros no hace nada para evitar equivocarse. Pero \u00bfy si nos equivocamos en eso? La &quot;equivocadologista&quot; Kathryn Schulz plantea la idea\" \/>\n<meta name=\"robots\" content=\"index, follow, max-snippet:-1, max-image-preview:large, max-video-preview:-1\" \/>\n<link rel=\"canonical\" href=\"https:\/\/ir-dweb.com\/blog\/kathryn-schulz-estar-equivocado\/\" \/>\n<meta property=\"og:locale\" content=\"es_ES\" \/>\n<meta property=\"og:type\" content=\"article\" \/>\n<meta property=\"og:title\" content=\"Kathryn Schulz: estar equivocado - Ivan Rettes Blog\" \/>\n<meta property=\"og:description\" content=\"La mayor\u00eda de nosotros no hace nada para evitar equivocarse. Pero \u00bfy si nos equivocamos en eso? La &quot;equivocadologista&quot; Kathryn Schulz plantea la idea\" \/>\n<meta property=\"og:url\" content=\"https:\/\/ir-dweb.com\/blog\/kathryn-schulz-estar-equivocado\/\" \/>\n<meta property=\"og:site_name\" content=\"Ivan Rettes Blog\" \/>\n<meta property=\"article:published_time\" content=\"2011-11-16T01:44:07+00:00\" \/>\n<meta property=\"article:modified_time\" content=\"2018-01-17T03:51:09+00:00\" \/>\n<meta name=\"author\" content=\"admin\" \/>\n<meta name=\"twitter:card\" content=\"summary_large_image\" \/>\n<meta name=\"twitter:creator\" content=\"@irdweb\" \/>\n<meta name=\"twitter:site\" content=\"@irdweb\" \/>\n<meta name=\"twitter:label1\" content=\"Escrito por\" \/>\n\t<meta name=\"twitter:data1\" content=\"admin\" \/>\n<script type=\"application\/ld+json\" class=\"yoast-schema-graph\">{\"@context\":\"https:\/\/schema.org\",\"@graph\":[{\"@type\":\"WebPage\",\"@id\":\"https:\/\/ir-dweb.com\/blog\/kathryn-schulz-estar-equivocado\/\",\"url\":\"https:\/\/ir-dweb.com\/blog\/kathryn-schulz-estar-equivocado\/\",\"name\":\"Kathryn Schulz: estar equivocado - Ivan Rettes Blog\",\"isPartOf\":{\"@id\":\"https:\/\/ir-dweb.com\/blog\/#website\"},\"datePublished\":\"2011-11-16T01:44:07+00:00\",\"dateModified\":\"2018-01-17T03:51:09+00:00\",\"author\":{\"@id\":\"https:\/\/ir-dweb.com\/blog\/#\/schema\/person\/d8589f8b12b63a463bf6a92d285da39c\"},\"description\":\"La mayor\u00eda de nosotros no hace nada para evitar equivocarse. Pero \u00bfy si nos equivocamos en eso? La \\\"equivocadologista\\\" Kathryn Schulz plantea la idea\",\"breadcrumb\":{\"@id\":\"https:\/\/ir-dweb.com\/blog\/kathryn-schulz-estar-equivocado\/#breadcrumb\"},\"inLanguage\":\"es\",\"potentialAction\":[{\"@type\":\"ReadAction\",\"target\":[\"https:\/\/ir-dweb.com\/blog\/kathryn-schulz-estar-equivocado\/\"]}]},{\"@type\":\"BreadcrumbList\",\"@id\":\"https:\/\/ir-dweb.com\/blog\/kathryn-schulz-estar-equivocado\/#breadcrumb\",\"itemListElement\":[{\"@type\":\"ListItem\",\"position\":1,\"name\":\"Portada\",\"item\":\"https:\/\/ir-dweb.com\/blog\/\"},{\"@type\":\"ListItem\",\"position\":2,\"name\":\"Kathryn Schulz: estar equivocado\"}]},{\"@type\":\"WebSite\",\"@id\":\"https:\/\/ir-dweb.com\/blog\/#website\",\"url\":\"https:\/\/ir-dweb.com\/blog\/\",\"name\":\"Ivan Rettes Blog\",\"description\":\"Art\u00edculos y videos sobre Formaci\u00f3n personal, Marketing, Social Media, dise\u00f1o web\",\"potentialAction\":[{\"@type\":\"SearchAction\",\"target\":{\"@type\":\"EntryPoint\",\"urlTemplate\":\"https:\/\/ir-dweb.com\/blog\/?s={search_term_string}\"},\"query-input\":{\"@type\":\"PropertyValueSpecification\",\"valueRequired\":true,\"valueName\":\"search_term_string\"}}],\"inLanguage\":\"es\"},{\"@type\":\"Person\",\"@id\":\"https:\/\/ir-dweb.com\/blog\/#\/schema\/person\/d8589f8b12b63a463bf6a92d285da39c\",\"name\":\"admin\",\"image\":{\"@type\":\"ImageObject\",\"inLanguage\":\"es\",\"@id\":\"https:\/\/ir-dweb.com\/blog\/#\/schema\/person\/image\/\",\"url\":\"https:\/\/secure.gravatar.com\/avatar\/270d0e866f231ddc3b83f31558654532b1c875446a2c27f9a1b4bdea82e2c00a?s=96&d=mm&r=g\",\"contentUrl\":\"https:\/\/secure.gravatar.com\/avatar\/270d0e866f231ddc3b83f31558654532b1c875446a2c27f9a1b4bdea82e2c00a?s=96&d=mm&r=g\",\"caption\":\"admin\"}}]}<\/script>\n<!-- \/ Yoast SEO plugin. -->","yoast_head_json":{"title":"Kathryn Schulz: estar equivocado - Ivan Rettes Blog","description":"La mayor\u00eda de nosotros no hace nada para evitar equivocarse. Pero \u00bfy si nos equivocamos en eso? La \"equivocadologista\" Kathryn Schulz plantea la idea","robots":{"index":"index","follow":"follow","max-snippet":"max-snippet:-1","max-image-preview":"max-image-preview:large","max-video-preview":"max-video-preview:-1"},"canonical":"https:\/\/ir-dweb.com\/blog\/kathryn-schulz-estar-equivocado\/","og_locale":"es_ES","og_type":"article","og_title":"Kathryn Schulz: estar equivocado - Ivan Rettes Blog","og_description":"La mayor\u00eda de nosotros no hace nada para evitar equivocarse. Pero \u00bfy si nos equivocamos en eso? La \"equivocadologista\" Kathryn Schulz plantea la idea","og_url":"https:\/\/ir-dweb.com\/blog\/kathryn-schulz-estar-equivocado\/","og_site_name":"Ivan Rettes Blog","article_published_time":"2011-11-16T01:44:07+00:00","article_modified_time":"2018-01-17T03:51:09+00:00","author":"admin","twitter_card":"summary_large_image","twitter_creator":"@irdweb","twitter_site":"@irdweb","twitter_misc":{"Escrito por":"admin"},"schema":{"@context":"https:\/\/schema.org","@graph":[{"@type":"WebPage","@id":"https:\/\/ir-dweb.com\/blog\/kathryn-schulz-estar-equivocado\/","url":"https:\/\/ir-dweb.com\/blog\/kathryn-schulz-estar-equivocado\/","name":"Kathryn Schulz: estar equivocado - Ivan Rettes Blog","isPartOf":{"@id":"https:\/\/ir-dweb.com\/blog\/#website"},"datePublished":"2011-11-16T01:44:07+00:00","dateModified":"2018-01-17T03:51:09+00:00","author":{"@id":"https:\/\/ir-dweb.com\/blog\/#\/schema\/person\/d8589f8b12b63a463bf6a92d285da39c"},"description":"La mayor\u00eda de nosotros no hace nada para evitar equivocarse. Pero \u00bfy si nos equivocamos en eso? La \"equivocadologista\" Kathryn Schulz plantea la idea","breadcrumb":{"@id":"https:\/\/ir-dweb.com\/blog\/kathryn-schulz-estar-equivocado\/#breadcrumb"},"inLanguage":"es","potentialAction":[{"@type":"ReadAction","target":["https:\/\/ir-dweb.com\/blog\/kathryn-schulz-estar-equivocado\/"]}]},{"@type":"BreadcrumbList","@id":"https:\/\/ir-dweb.com\/blog\/kathryn-schulz-estar-equivocado\/#breadcrumb","itemListElement":[{"@type":"ListItem","position":1,"name":"Portada","item":"https:\/\/ir-dweb.com\/blog\/"},{"@type":"ListItem","position":2,"name":"Kathryn Schulz: estar equivocado"}]},{"@type":"WebSite","@id":"https:\/\/ir-dweb.com\/blog\/#website","url":"https:\/\/ir-dweb.com\/blog\/","name":"Ivan Rettes Blog","description":"Art\u00edculos y videos sobre Formaci\u00f3n personal, Marketing, Social Media, dise\u00f1o web","potentialAction":[{"@type":"SearchAction","target":{"@type":"EntryPoint","urlTemplate":"https:\/\/ir-dweb.com\/blog\/?s={search_term_string}"},"query-input":{"@type":"PropertyValueSpecification","valueRequired":true,"valueName":"search_term_string"}}],"inLanguage":"es"},{"@type":"Person","@id":"https:\/\/ir-dweb.com\/blog\/#\/schema\/person\/d8589f8b12b63a463bf6a92d285da39c","name":"admin","image":{"@type":"ImageObject","inLanguage":"es","@id":"https:\/\/ir-dweb.com\/blog\/#\/schema\/person\/image\/","url":"https:\/\/secure.gravatar.com\/avatar\/270d0e866f231ddc3b83f31558654532b1c875446a2c27f9a1b4bdea82e2c00a?s=96&d=mm&r=g","contentUrl":"https:\/\/secure.gravatar.com\/avatar\/270d0e866f231ddc3b83f31558654532b1c875446a2c27f9a1b4bdea82e2c00a?s=96&d=mm&r=g","caption":"admin"}}]}},"_links":{"self":[{"href":"https:\/\/ir-dweb.com\/blog\/wp-json\/wp\/v2\/posts\/40","targetHints":{"allow":["GET"]}}],"collection":[{"href":"https:\/\/ir-dweb.com\/blog\/wp-json\/wp\/v2\/posts"}],"about":[{"href":"https:\/\/ir-dweb.com\/blog\/wp-json\/wp\/v2\/types\/post"}],"author":[{"embeddable":true,"href":"https:\/\/ir-dweb.com\/blog\/wp-json\/wp\/v2\/users\/2"}],"replies":[{"embeddable":true,"href":"https:\/\/ir-dweb.com\/blog\/wp-json\/wp\/v2\/comments?post=40"}],"version-history":[{"count":0,"href":"https:\/\/ir-dweb.com\/blog\/wp-json\/wp\/v2\/posts\/40\/revisions"}],"wp:attachment":[{"href":"https:\/\/ir-dweb.com\/blog\/wp-json\/wp\/v2\/media?parent=40"}],"wp:term":[{"taxonomy":"category","embeddable":true,"href":"https:\/\/ir-dweb.com\/blog\/wp-json\/wp\/v2\/categories?post=40"},{"taxonomy":"post_tag","embeddable":true,"href":"https:\/\/ir-dweb.com\/blog\/wp-json\/wp\/v2\/tags?post=40"}],"curies":[{"name":"wp","href":"https:\/\/api.w.org\/{rel}","templated":true}]}}