{"id":304,"date":"2017-01-05T12:41:46","date_gmt":"2017-01-05T17:41:46","guid":{"rendered":"http:\/\/www.ir-dweb.com\/blog\/?p=304"},"modified":"2018-02-10T15:44:03","modified_gmt":"2018-02-10T20:44:03","slug":"tedxudp-javier-martinez-eres-mas-inteligente-que-la-empresa-para-la-que-trabajas","status":"publish","type":"post","link":"https:\/\/ir-dweb.com\/blog\/tedxudp-javier-martinez-eres-mas-inteligente-que-la-empresa-para-la-que-trabajas\/","title":{"rendered":"TEDxUDP &#8211; Javier Mart\u00ednez: Eres M\u00e1s Inteligente que la Empresa para la que Trabajas"},"content":{"rendered":"Compartir <div class=\"synved-social-container synved-social-container-share\"><a class=\"synved-social-button synved-social-button-share synved-social-size-32 synved-social-resolution-single synved-social-provider-facebook nolightbox\" data-provider=\"facebook\" target=\"_blank\" rel=\"nofollow\" title=\"Compartir en Facebook\" href=\"https:\/\/www.facebook.com\/sharer.php?u=https%3A%2F%2Fir-dweb.com%2Fblog&#038;t=TEDxUDP%20%E2%80%93%20Javier%20Mart%C3%ADnez%3A%20Eres%20M%C3%A1s%20Inteligente%20que%20la%20Empresa%20para%20la%20que%20Trabajas&#038;s=100&#038;p&#091;url&#093;=https%3A%2F%2Fir-dweb.com%2Fblog&#038;p&#091;images&#093;&#091;0&#093;=http%3A%2F%2Fwww.ir-dweb.com%2Fblog%2Fwp-content%2Fuploads%2F2017%2F01%2Fjavier-martinez.jpg&#038;p&#091;title&#093;=TEDxUDP%20%E2%80%93%20Javier%20Mart%C3%ADnez%3A%20Eres%20M%C3%A1s%20Inteligente%20que%20la%20Empresa%20para%20la%20que%20Trabajas\" style=\"font-size: 0px;width:32px;height:32px;margin:0;margin-bottom:10px;margin-right:10px\"><img loading=\"lazy\" decoding=\"async\" alt=\"Facebook\" title=\"Compartir en Facebook\" class=\"synved-share-image synved-social-image synved-social-image-share\" width=\"32\" height=\"32\" style=\"display: inline;width:32px;height:32px;margin: 0;padding: 0;border: none;box-shadow: none\" src=\"https:\/\/ir-dweb.com\/blog\/wp-content\/plugins\/social-media-feather\/synved-social\/image\/social\/regular\/64x64\/facebook.png\" \/><\/a><a class=\"synved-social-button synved-social-button-share synved-social-size-32 synved-social-resolution-single synved-social-provider-twitter nolightbox\" data-provider=\"twitter\" target=\"_blank\" rel=\"nofollow\" title=\"Compartir en Twitter\" href=\"https:\/\/twitter.com\/share?url=https%3A%2F%2Fir-dweb.com%2Fblog&#038;text=TEDxUDP%20%E2%80%93%20Javier%20Mart%C3%ADnez%3A%20Eres%20M%C3%A1s%20Inteligente%20que%20la%20Empresa%20para%20la%20que%20Trabajas\" style=\"font-size: 0px;width:32px;height:32px;margin:0;margin-bottom:10px;margin-right:10px\"><img loading=\"lazy\" decoding=\"async\" alt=\"twitter\" title=\"Compartir en Twitter\" class=\"synved-share-image synved-social-image synved-social-image-share\" width=\"32\" height=\"32\" style=\"display: inline;width:32px;height:32px;margin: 0;padding: 0;border: none;box-shadow: none\" src=\"https:\/\/ir-dweb.com\/blog\/wp-content\/plugins\/social-media-feather\/synved-social\/image\/social\/regular\/64x64\/twitter.png\" \/><\/a><a class=\"synved-social-button synved-social-button-share synved-social-size-32 synved-social-resolution-single synved-social-provider-linkedin nolightbox\" data-provider=\"linkedin\" target=\"_blank\" rel=\"nofollow\" title=\"Compartir en Linkedin\" href=\"https:\/\/www.linkedin.com\/shareArticle?mini=true&#038;url=https%3A%2F%2Fir-dweb.com%2Fblog&#038;title=TEDxUDP%20%E2%80%93%20Javier%20Mart%C3%ADnez%3A%20Eres%20M%C3%A1s%20Inteligente%20que%20la%20Empresa%20para%20la%20que%20Trabajas\" style=\"font-size: 0px;width:32px;height:32px;margin:0;margin-bottom:10px\"><img loading=\"lazy\" decoding=\"async\" alt=\"linkedin\" title=\"Compartir en Linkedin\" class=\"synved-share-image synved-social-image synved-social-image-share\" width=\"32\" height=\"32\" style=\"display: inline;width:32px;height:32px;margin: 0;padding: 0;border: none;box-shadow: none\" src=\"https:\/\/ir-dweb.com\/blog\/wp-content\/plugins\/social-media-feather\/synved-social\/image\/social\/regular\/64x64\/linkedin.png\" \/><\/a><\/div><p><img loading=\"lazy\" decoding=\"async\" class=\"size-full wp-image-305 aligncenter\" src=\"http:\/\/www.ir-dweb.com\/blog\/wp-content\/uploads\/2017\/01\/javier-martinez.jpg\" alt=\"\" width=\"480\" height=\"360\" srcset=\"https:\/\/ir-dweb.com\/blog\/wp-content\/uploads\/2017\/01\/javier-martinez.jpg 480w, https:\/\/ir-dweb.com\/blog\/wp-content\/uploads\/2017\/01\/javier-martinez-300x225.jpg 300w\" sizes=\"auto, (max-width: 480px) 100vw, 480px\" \/><\/p>\n<p>La inteligencia es la cualidad m\u00e1s valorada en un ser humano. Sin embargo, ser inteligente no consiste \u00fanicamente en tomar buenas decisiones sino sobre todo, en ser capaz de aprender r\u00e1pidamente. Las personas son el sistema de gesti\u00f3n del conocimiento m\u00e1s perfecto que existe porque cuentan con un \u00f3rgano especialmente dise\u00f1ado para aprender que se llama cerebro mientras las empresas carecen de \u00e9l. \u00bfComo funciona nuestro cerebro para organizar el caos y hacernos inteligentes? Ejecuta 2 tareas complejas de manera asombrosa, nos proveer el conocimiento que tiene cada vez que lo necesitamos y almacena lo que aprendemos para cuando lo necesitemos en el futuro. Hasta que las empresas no cuenten con un cerebro capaz de gestionar el conocimiento y aprender, tu seguir\u00e1s siendo mas inteligente que la empresa para la que trabajas<\/p>\n<p>Licenciado en Derecho por la Universidad del Pa\u00eds Vasco y M\u00e1ster en Internet Management por el Institut Catala de la Tecnolog\u00eda. Consultor de la ONU y del Banco Mundial en el \u00e1rea de Gesti\u00f3n del Conocimiento, y del Banco Interamericano de Desarrollo en el \u00e1mbito de Comunicaci\u00f3n y Aprendizaje.<\/p>\n<p><!--more--><\/p>\n<p><iframe loading=\"lazy\" title=\"Eres M\u00e1s Inteligente que la Empresa para la que Trabajas | Javier Mart\u00ednez | TEDxUDP\" width=\"660\" height=\"371\" src=\"https:\/\/www.youtube.com\/embed\/rNwnEwlsNSA?feature=oembed\" frameborder=\"0\" allow=\"accelerometer; autoplay; clipboard-write; encrypted-media; gyroscope; picture-in-picture; web-share\" referrerpolicy=\"strict-origin-when-cross-origin\" allowfullscreen><\/iframe><\/p>\nCompartir <div class=\"synved-social-container synved-social-container-share\"><a class=\"synved-social-button synved-social-button-share synved-social-size-32 synved-social-resolution-single synved-social-provider-facebook nolightbox\" data-provider=\"facebook\" target=\"_blank\" rel=\"nofollow\" title=\"Compartir en Facebook\" href=\"https:\/\/www.facebook.com\/sharer.php?u=https%3A%2F%2Fir-dweb.com%2Fblog&#038;t=TEDxUDP%20%E2%80%93%20Javier%20Mart%C3%ADnez%3A%20Eres%20M%C3%A1s%20Inteligente%20que%20la%20Empresa%20para%20la%20que%20Trabajas&#038;s=100&#038;p&#091;url&#093;=https%3A%2F%2Fir-dweb.com%2Fblog&#038;p&#091;images&#093;&#091;0&#093;=http%3A%2F%2Fwww.ir-dweb.com%2Fblog%2Fwp-content%2Fuploads%2F2017%2F01%2Fjavier-martinez.jpg&#038;p&#091;title&#093;=TEDxUDP%20%E2%80%93%20Javier%20Mart%C3%ADnez%3A%20Eres%20M%C3%A1s%20Inteligente%20que%20la%20Empresa%20para%20la%20que%20Trabajas\" style=\"font-size: 0px;width:32px;height:32px;margin:0;margin-bottom:10px;margin-right:10px\"><img loading=\"lazy\" decoding=\"async\" alt=\"Facebook\" title=\"Compartir en Facebook\" class=\"synved-share-image synved-social-image synved-social-image-share\" width=\"32\" height=\"32\" style=\"display: inline;width:32px;height:32px;margin: 0;padding: 0;border: none;box-shadow: none\" src=\"https:\/\/ir-dweb.com\/blog\/wp-content\/plugins\/social-media-feather\/synved-social\/image\/social\/regular\/64x64\/facebook.png\" \/><\/a><a class=\"synved-social-button synved-social-button-share synved-social-size-32 synved-social-resolution-single synved-social-provider-twitter nolightbox\" data-provider=\"twitter\" target=\"_blank\" rel=\"nofollow\" title=\"Compartir en Twitter\" href=\"https:\/\/twitter.com\/share?url=https%3A%2F%2Fir-dweb.com%2Fblog&#038;text=TEDxUDP%20%E2%80%93%20Javier%20Mart%C3%ADnez%3A%20Eres%20M%C3%A1s%20Inteligente%20que%20la%20Empresa%20para%20la%20que%20Trabajas\" style=\"font-size: 0px;width:32px;height:32px;margin:0;margin-bottom:10px;margin-right:10px\"><img loading=\"lazy\" decoding=\"async\" alt=\"twitter\" title=\"Compartir en Twitter\" class=\"synved-share-image synved-social-image synved-social-image-share\" width=\"32\" height=\"32\" style=\"display: inline;width:32px;height:32px;margin: 0;padding: 0;border: none;box-shadow: none\" src=\"https:\/\/ir-dweb.com\/blog\/wp-content\/plugins\/social-media-feather\/synved-social\/image\/social\/regular\/64x64\/twitter.png\" \/><\/a><a class=\"synved-social-button synved-social-button-share synved-social-size-32 synved-social-resolution-single synved-social-provider-linkedin nolightbox\" data-provider=\"linkedin\" target=\"_blank\" rel=\"nofollow\" title=\"Compartir en Linkedin\" href=\"https:\/\/www.linkedin.com\/shareArticle?mini=true&#038;url=https%3A%2F%2Fir-dweb.com%2Fblog&#038;title=TEDxUDP%20%E2%80%93%20Javier%20Mart%C3%ADnez%3A%20Eres%20M%C3%A1s%20Inteligente%20que%20la%20Empresa%20para%20la%20que%20Trabajas\" style=\"font-size: 0px;width:32px;height:32px;margin:0;margin-bottom:10px\"><img loading=\"lazy\" decoding=\"async\" alt=\"linkedin\" title=\"Compartir en Linkedin\" class=\"synved-share-image synved-social-image synved-social-image-share\" width=\"32\" height=\"32\" style=\"display: inline;width:32px;height:32px;margin: 0;padding: 0;border: none;box-shadow: none\" src=\"https:\/\/ir-dweb.com\/blog\/wp-content\/plugins\/social-media-feather\/synved-social\/image\/social\/regular\/64x64\/linkedin.png\" \/><\/a><\/div>","protected":false},"excerpt":{"rendered":"<p>Compartir La inteligencia es la cualidad m\u00e1s valorada en un ser humano. Sin embargo, ser inteligente no consiste \u00fanicamente en tomar buenas decisiones sino sobre todo, en ser capaz de aprender r\u00e1pidamente. Las personas son el sistema de gesti\u00f3n del conocimiento m\u00e1s perfecto que existe porque cuentan con un \u00f3rgano especialmente dise\u00f1ado para aprender que &hellip; <a href=\"https:\/\/ir-dweb.com\/blog\/tedxudp-javier-martinez-eres-mas-inteligente-que-la-empresa-para-la-que-trabajas\/\" class=\"more-link\">Sigue leyendo <span class=\"screen-reader-text\">TEDxUDP &#8211; Javier Mart\u00ednez: Eres M\u00e1s Inteligente que la Empresa para la que Trabajas<\/span><\/a><\/p>\n","protected":false},"author":1,"featured_media":0,"comment_status":"closed","ping_status":"closed","sticky":false,"template":"","format":"standard","meta":{"footnotes":""},"categories":[7,10],"tags":[],"class_list":["post-304","post","type-post","status-publish","format-standard","hentry","category-formacion","category-ted"],"yoast_head":"<!-- This site is optimized with the Yoast SEO plugin v25.4 - https:\/\/yoast.com\/wordpress\/plugins\/seo\/ -->\n<title>TEDxUDP - Javier Mart\u00ednez: Eres M\u00e1s Inteligente que la Empresa para la que Trabajas - Ivan Rettes Blog<\/title>\n<meta name=\"description\" content=\"La inteligencia es la cualidad m\u00e1s valorada en un ser humano. Sin embargo, ser inteligente no consiste \u00fanicamente en tomar buenas decisiones sino sobre\" \/>\n<meta name=\"robots\" content=\"index, follow, max-snippet:-1, max-image-preview:large, max-video-preview:-1\" \/>\n<link rel=\"canonical\" href=\"https:\/\/ir-dweb.com\/blog\/tedxudp-javier-martinez-eres-mas-inteligente-que-la-empresa-para-la-que-trabajas\/\" \/>\n<meta property=\"og:locale\" content=\"es_ES\" \/>\n<meta property=\"og:type\" content=\"article\" \/>\n<meta property=\"og:title\" content=\"TEDxUDP - Javier Mart\u00ednez: Eres M\u00e1s Inteligente que la Empresa para la que Trabajas - Ivan Rettes Blog\" \/>\n<meta property=\"og:description\" content=\"La inteligencia es la cualidad m\u00e1s valorada en un ser humano. Sin embargo, ser inteligente no consiste \u00fanicamente en tomar buenas decisiones sino sobre\" \/>\n<meta property=\"og:url\" content=\"https:\/\/ir-dweb.com\/blog\/tedxudp-javier-martinez-eres-mas-inteligente-que-la-empresa-para-la-que-trabajas\/\" \/>\n<meta property=\"og:site_name\" content=\"Ivan Rettes Blog\" \/>\n<meta property=\"article:published_time\" content=\"2017-01-05T17:41:46+00:00\" \/>\n<meta property=\"article:modified_time\" content=\"2018-02-10T20:44:03+00:00\" \/>\n<meta property=\"og:image\" content=\"http:\/\/www.ir-dweb.com\/blog\/wp-content\/uploads\/2017\/01\/javier-martinez.jpg\" \/>\n<meta name=\"author\" content=\"iadmin\" \/>\n<meta name=\"twitter:card\" content=\"summary_large_image\" \/>\n<meta name=\"twitter:creator\" content=\"@irdweb\" \/>\n<meta name=\"twitter:site\" content=\"@irdweb\" \/>\n<meta name=\"twitter:label1\" content=\"Escrito por\" \/>\n\t<meta name=\"twitter:data1\" content=\"iadmin\" \/>\n\t<meta name=\"twitter:label2\" content=\"Tiempo de lectura\" \/>\n\t<meta name=\"twitter:data2\" content=\"1 minuto\" \/>\n<script type=\"application\/ld+json\" class=\"yoast-schema-graph\">{\"@context\":\"https:\/\/schema.org\",\"@graph\":[{\"@type\":\"WebPage\",\"@id\":\"https:\/\/ir-dweb.com\/blog\/tedxudp-javier-martinez-eres-mas-inteligente-que-la-empresa-para-la-que-trabajas\/\",\"url\":\"https:\/\/ir-dweb.com\/blog\/tedxudp-javier-martinez-eres-mas-inteligente-que-la-empresa-para-la-que-trabajas\/\",\"name\":\"TEDxUDP - Javier Mart\u00ednez: Eres M\u00e1s Inteligente que la Empresa para la que Trabajas - Ivan Rettes Blog\",\"isPartOf\":{\"@id\":\"https:\/\/ir-dweb.com\/blog\/#website\"},\"primaryImageOfPage\":{\"@id\":\"https:\/\/ir-dweb.com\/blog\/tedxudp-javier-martinez-eres-mas-inteligente-que-la-empresa-para-la-que-trabajas\/#primaryimage\"},\"image\":{\"@id\":\"https:\/\/ir-dweb.com\/blog\/tedxudp-javier-martinez-eres-mas-inteligente-que-la-empresa-para-la-que-trabajas\/#primaryimage\"},\"thumbnailUrl\":\"http:\/\/www.ir-dweb.com\/blog\/wp-content\/uploads\/2017\/01\/javier-martinez.jpg\",\"datePublished\":\"2017-01-05T17:41:46+00:00\",\"dateModified\":\"2018-02-10T20:44:03+00:00\",\"author\":{\"@id\":\"https:\/\/ir-dweb.com\/blog\/#\/schema\/person\/bede4d84a8f7520a9c369566f1abcd34\"},\"description\":\"La inteligencia es la cualidad m\u00e1s valorada en un ser humano. Sin embargo, ser inteligente no consiste \u00fanicamente en tomar buenas decisiones sino sobre\",\"breadcrumb\":{\"@id\":\"https:\/\/ir-dweb.com\/blog\/tedxudp-javier-martinez-eres-mas-inteligente-que-la-empresa-para-la-que-trabajas\/#breadcrumb\"},\"inLanguage\":\"es\",\"potentialAction\":[{\"@type\":\"ReadAction\",\"target\":[\"https:\/\/ir-dweb.com\/blog\/tedxudp-javier-martinez-eres-mas-inteligente-que-la-empresa-para-la-que-trabajas\/\"]}]},{\"@type\":\"ImageObject\",\"inLanguage\":\"es\",\"@id\":\"https:\/\/ir-dweb.com\/blog\/tedxudp-javier-martinez-eres-mas-inteligente-que-la-empresa-para-la-que-trabajas\/#primaryimage\",\"url\":\"http:\/\/www.ir-dweb.com\/blog\/wp-content\/uploads\/2017\/01\/javier-martinez.jpg\",\"contentUrl\":\"http:\/\/www.ir-dweb.com\/blog\/wp-content\/uploads\/2017\/01\/javier-martinez.jpg\"},{\"@type\":\"BreadcrumbList\",\"@id\":\"https:\/\/ir-dweb.com\/blog\/tedxudp-javier-martinez-eres-mas-inteligente-que-la-empresa-para-la-que-trabajas\/#breadcrumb\",\"itemListElement\":[{\"@type\":\"ListItem\",\"position\":1,\"name\":\"Portada\",\"item\":\"https:\/\/ir-dweb.com\/blog\/\"},{\"@type\":\"ListItem\",\"position\":2,\"name\":\"TEDxUDP &#8211; Javier Mart\u00ednez: Eres M\u00e1s Inteligente que la Empresa para la que Trabajas\"}]},{\"@type\":\"WebSite\",\"@id\":\"https:\/\/ir-dweb.com\/blog\/#website\",\"url\":\"https:\/\/ir-dweb.com\/blog\/\",\"name\":\"Ivan Rettes Blog\",\"description\":\"Art\u00edculos y videos sobre Formaci\u00f3n personal, Marketing, Social Media, dise\u00f1o web\",\"potentialAction\":[{\"@type\":\"SearchAction\",\"target\":{\"@type\":\"EntryPoint\",\"urlTemplate\":\"https:\/\/ir-dweb.com\/blog\/?s={search_term_string}\"},\"query-input\":{\"@type\":\"PropertyValueSpecification\",\"valueRequired\":true,\"valueName\":\"search_term_string\"}}],\"inLanguage\":\"es\"},{\"@type\":\"Person\",\"@id\":\"https:\/\/ir-dweb.com\/blog\/#\/schema\/person\/bede4d84a8f7520a9c369566f1abcd34\",\"name\":\"iadmin\",\"image\":{\"@type\":\"ImageObject\",\"inLanguage\":\"es\",\"@id\":\"https:\/\/ir-dweb.com\/blog\/#\/schema\/person\/image\/\",\"url\":\"https:\/\/secure.gravatar.com\/avatar\/270d0e866f231ddc3b83f31558654532b1c875446a2c27f9a1b4bdea82e2c00a?s=96&d=mm&r=g\",\"contentUrl\":\"https:\/\/secure.gravatar.com\/avatar\/270d0e866f231ddc3b83f31558654532b1c875446a2c27f9a1b4bdea82e2c00a?s=96&d=mm&r=g\",\"caption\":\"iadmin\"}}]}<\/script>\n<!-- \/ Yoast SEO plugin. -->","yoast_head_json":{"title":"TEDxUDP - Javier Mart\u00ednez: Eres M\u00e1s Inteligente que la Empresa para la que Trabajas - Ivan Rettes Blog","description":"La inteligencia es la cualidad m\u00e1s valorada en un ser humano. Sin embargo, ser inteligente no consiste \u00fanicamente en tomar buenas decisiones sino sobre","robots":{"index":"index","follow":"follow","max-snippet":"max-snippet:-1","max-image-preview":"max-image-preview:large","max-video-preview":"max-video-preview:-1"},"canonical":"https:\/\/ir-dweb.com\/blog\/tedxudp-javier-martinez-eres-mas-inteligente-que-la-empresa-para-la-que-trabajas\/","og_locale":"es_ES","og_type":"article","og_title":"TEDxUDP - Javier Mart\u00ednez: Eres M\u00e1s Inteligente que la Empresa para la que Trabajas - Ivan Rettes Blog","og_description":"La inteligencia es la cualidad m\u00e1s valorada en un ser humano. Sin embargo, ser inteligente no consiste \u00fanicamente en tomar buenas decisiones sino sobre","og_url":"https:\/\/ir-dweb.com\/blog\/tedxudp-javier-martinez-eres-mas-inteligente-que-la-empresa-para-la-que-trabajas\/","og_site_name":"Ivan Rettes Blog","article_published_time":"2017-01-05T17:41:46+00:00","article_modified_time":"2018-02-10T20:44:03+00:00","og_image":[{"url":"http:\/\/www.ir-dweb.com\/blog\/wp-content\/uploads\/2017\/01\/javier-martinez.jpg","type":"","width":"","height":""}],"author":"iadmin","twitter_card":"summary_large_image","twitter_creator":"@irdweb","twitter_site":"@irdweb","twitter_misc":{"Escrito por":"iadmin","Tiempo de lectura":"1 minuto"},"schema":{"@context":"https:\/\/schema.org","@graph":[{"@type":"WebPage","@id":"https:\/\/ir-dweb.com\/blog\/tedxudp-javier-martinez-eres-mas-inteligente-que-la-empresa-para-la-que-trabajas\/","url":"https:\/\/ir-dweb.com\/blog\/tedxudp-javier-martinez-eres-mas-inteligente-que-la-empresa-para-la-que-trabajas\/","name":"TEDxUDP - Javier Mart\u00ednez: Eres M\u00e1s Inteligente que la Empresa para la que Trabajas - Ivan Rettes Blog","isPartOf":{"@id":"https:\/\/ir-dweb.com\/blog\/#website"},"primaryImageOfPage":{"@id":"https:\/\/ir-dweb.com\/blog\/tedxudp-javier-martinez-eres-mas-inteligente-que-la-empresa-para-la-que-trabajas\/#primaryimage"},"image":{"@id":"https:\/\/ir-dweb.com\/blog\/tedxudp-javier-martinez-eres-mas-inteligente-que-la-empresa-para-la-que-trabajas\/#primaryimage"},"thumbnailUrl":"http:\/\/www.ir-dweb.com\/blog\/wp-content\/uploads\/2017\/01\/javier-martinez.jpg","datePublished":"2017-01-05T17:41:46+00:00","dateModified":"2018-02-10T20:44:03+00:00","author":{"@id":"https:\/\/ir-dweb.com\/blog\/#\/schema\/person\/bede4d84a8f7520a9c369566f1abcd34"},"description":"La inteligencia es la cualidad m\u00e1s valorada en un ser humano. Sin embargo, ser inteligente no consiste \u00fanicamente en tomar buenas decisiones sino sobre","breadcrumb":{"@id":"https:\/\/ir-dweb.com\/blog\/tedxudp-javier-martinez-eres-mas-inteligente-que-la-empresa-para-la-que-trabajas\/#breadcrumb"},"inLanguage":"es","potentialAction":[{"@type":"ReadAction","target":["https:\/\/ir-dweb.com\/blog\/tedxudp-javier-martinez-eres-mas-inteligente-que-la-empresa-para-la-que-trabajas\/"]}]},{"@type":"ImageObject","inLanguage":"es","@id":"https:\/\/ir-dweb.com\/blog\/tedxudp-javier-martinez-eres-mas-inteligente-que-la-empresa-para-la-que-trabajas\/#primaryimage","url":"http:\/\/www.ir-dweb.com\/blog\/wp-content\/uploads\/2017\/01\/javier-martinez.jpg","contentUrl":"http:\/\/www.ir-dweb.com\/blog\/wp-content\/uploads\/2017\/01\/javier-martinez.jpg"},{"@type":"BreadcrumbList","@id":"https:\/\/ir-dweb.com\/blog\/tedxudp-javier-martinez-eres-mas-inteligente-que-la-empresa-para-la-que-trabajas\/#breadcrumb","itemListElement":[{"@type":"ListItem","position":1,"name":"Portada","item":"https:\/\/ir-dweb.com\/blog\/"},{"@type":"ListItem","position":2,"name":"TEDxUDP &#8211; Javier Mart\u00ednez: Eres M\u00e1s Inteligente que la Empresa para la que Trabajas"}]},{"@type":"WebSite","@id":"https:\/\/ir-dweb.com\/blog\/#website","url":"https:\/\/ir-dweb.com\/blog\/","name":"Ivan Rettes Blog","description":"Art\u00edculos y videos sobre Formaci\u00f3n personal, Marketing, Social Media, dise\u00f1o web","potentialAction":[{"@type":"SearchAction","target":{"@type":"EntryPoint","urlTemplate":"https:\/\/ir-dweb.com\/blog\/?s={search_term_string}"},"query-input":{"@type":"PropertyValueSpecification","valueRequired":true,"valueName":"search_term_string"}}],"inLanguage":"es"},{"@type":"Person","@id":"https:\/\/ir-dweb.com\/blog\/#\/schema\/person\/bede4d84a8f7520a9c369566f1abcd34","name":"iadmin","image":{"@type":"ImageObject","inLanguage":"es","@id":"https:\/\/ir-dweb.com\/blog\/#\/schema\/person\/image\/","url":"https:\/\/secure.gravatar.com\/avatar\/270d0e866f231ddc3b83f31558654532b1c875446a2c27f9a1b4bdea82e2c00a?s=96&d=mm&r=g","contentUrl":"https:\/\/secure.gravatar.com\/avatar\/270d0e866f231ddc3b83f31558654532b1c875446a2c27f9a1b4bdea82e2c00a?s=96&d=mm&r=g","caption":"iadmin"}}]}},"_links":{"self":[{"href":"https:\/\/ir-dweb.com\/blog\/wp-json\/wp\/v2\/posts\/304","targetHints":{"allow":["GET"]}}],"collection":[{"href":"https:\/\/ir-dweb.com\/blog\/wp-json\/wp\/v2\/posts"}],"about":[{"href":"https:\/\/ir-dweb.com\/blog\/wp-json\/wp\/v2\/types\/post"}],"author":[{"embeddable":true,"href":"https:\/\/ir-dweb.com\/blog\/wp-json\/wp\/v2\/users\/1"}],"replies":[{"embeddable":true,"href":"https:\/\/ir-dweb.com\/blog\/wp-json\/wp\/v2\/comments?post=304"}],"version-history":[{"count":0,"href":"https:\/\/ir-dweb.com\/blog\/wp-json\/wp\/v2\/posts\/304\/revisions"}],"wp:attachment":[{"href":"https:\/\/ir-dweb.com\/blog\/wp-json\/wp\/v2\/media?parent=304"}],"wp:term":[{"taxonomy":"category","embeddable":true,"href":"https:\/\/ir-dweb.com\/blog\/wp-json\/wp\/v2\/categories?post=304"},{"taxonomy":"post_tag","embeddable":true,"href":"https:\/\/ir-dweb.com\/blog\/wp-json\/wp\/v2\/tags?post=304"}],"curies":[{"name":"wp","href":"https:\/\/api.w.org\/{rel}","templated":true}]}}