{"id":283,"date":"2016-11-20T21:08:38","date_gmt":"2016-11-21T02:08:38","guid":{"rendered":"http:\/\/www.ir-dweb.com\/blog\/?p=283"},"modified":"2018-02-10T15:44:12","modified_gmt":"2018-02-10T20:44:12","slug":"apec-2016-gary-urteaga-co-fundador-de-cinepapaya","status":"publish","type":"post","link":"https:\/\/ir-dweb.com\/blog\/apec-2016-gary-urteaga-co-fundador-de-cinepapaya\/","title":{"rendered":"APEC 2016 &#8211; Gary Urteaga, Co-fundador de CinePapaya"},"content":{"rendered":"Compartir <div class=\"synved-social-container synved-social-container-share\"><a class=\"synved-social-button synved-social-button-share synved-social-size-32 synved-social-resolution-single synved-social-provider-facebook nolightbox\" data-provider=\"facebook\" target=\"_blank\" rel=\"nofollow\" title=\"Compartir en Facebook\" href=\"https:\/\/www.facebook.com\/sharer.php?u=https%3A%2F%2Fir-dweb.com%2Fblog&#038;t=APEC%202016%20%E2%80%93%20Gary%20Urteaga%2C%20Co-fundador%20de%20CinePapaya&#038;s=100&#038;p&#091;url&#093;=https%3A%2F%2Fir-dweb.com%2Fblog&#038;p&#091;images&#093;&#091;0&#093;=http%3A%2F%2Fwww.ir-dweb.com%2Fblog%2Fwp-content%2Fuploads%2F2016%2F11%2Fgary-urteaga-apec-2016.jpg&#038;p&#091;title&#093;=APEC%202016%20%E2%80%93%20Gary%20Urteaga%2C%20Co-fundador%20de%20CinePapaya\" style=\"font-size: 0px;width:32px;height:32px;margin:0;margin-bottom:10px;margin-right:10px\"><img loading=\"lazy\" decoding=\"async\" alt=\"Facebook\" title=\"Compartir en Facebook\" class=\"synved-share-image synved-social-image synved-social-image-share\" width=\"32\" height=\"32\" style=\"display: inline;width:32px;height:32px;margin: 0;padding: 0;border: none;box-shadow: none\" src=\"https:\/\/ir-dweb.com\/blog\/wp-content\/plugins\/social-media-feather\/synved-social\/image\/social\/regular\/64x64\/facebook.png\" \/><\/a><a class=\"synved-social-button synved-social-button-share synved-social-size-32 synved-social-resolution-single synved-social-provider-twitter nolightbox\" data-provider=\"twitter\" target=\"_blank\" rel=\"nofollow\" title=\"Compartir en Twitter\" href=\"https:\/\/twitter.com\/share?url=https%3A%2F%2Fir-dweb.com%2Fblog&#038;text=APEC%202016%20%E2%80%93%20Gary%20Urteaga%2C%20Co-fundador%20de%20CinePapaya\" style=\"font-size: 0px;width:32px;height:32px;margin:0;margin-bottom:10px;margin-right:10px\"><img loading=\"lazy\" decoding=\"async\" alt=\"twitter\" title=\"Compartir en Twitter\" class=\"synved-share-image synved-social-image synved-social-image-share\" width=\"32\" height=\"32\" style=\"display: inline;width:32px;height:32px;margin: 0;padding: 0;border: none;box-shadow: none\" src=\"https:\/\/ir-dweb.com\/blog\/wp-content\/plugins\/social-media-feather\/synved-social\/image\/social\/regular\/64x64\/twitter.png\" \/><\/a><a class=\"synved-social-button synved-social-button-share synved-social-size-32 synved-social-resolution-single synved-social-provider-linkedin nolightbox\" data-provider=\"linkedin\" target=\"_blank\" rel=\"nofollow\" title=\"Compartir en Linkedin\" href=\"https:\/\/www.linkedin.com\/shareArticle?mini=true&#038;url=https%3A%2F%2Fir-dweb.com%2Fblog&#038;title=APEC%202016%20%E2%80%93%20Gary%20Urteaga%2C%20Co-fundador%20de%20CinePapaya\" style=\"font-size: 0px;width:32px;height:32px;margin:0;margin-bottom:10px\"><img loading=\"lazy\" decoding=\"async\" alt=\"linkedin\" title=\"Compartir en Linkedin\" class=\"synved-share-image synved-social-image synved-social-image-share\" width=\"32\" height=\"32\" style=\"display: inline;width:32px;height:32px;margin: 0;padding: 0;border: none;box-shadow: none\" src=\"https:\/\/ir-dweb.com\/blog\/wp-content\/plugins\/social-media-feather\/synved-social\/image\/social\/regular\/64x64\/linkedin.png\" \/><\/a><\/div><p>IX CUMBRE PYME APEC 2016 \u2013 Lima Per\u00fa<\/p>\n<p><img loading=\"lazy\" decoding=\"async\" class=\"alignnone size-full wp-image-284\" src=\"http:\/\/www.ir-dweb.com\/blog\/wp-content\/uploads\/2016\/11\/gary-urteaga-apec-2016.jpg\" alt=\"gary-urteaga-apec-2016\" width=\"900\" height=\"541\" srcset=\"https:\/\/ir-dweb.com\/blog\/wp-content\/uploads\/2016\/11\/gary-urteaga-apec-2016.jpg 900w, https:\/\/ir-dweb.com\/blog\/wp-content\/uploads\/2016\/11\/gary-urteaga-apec-2016-300x180.jpg 300w, https:\/\/ir-dweb.com\/blog\/wp-content\/uploads\/2016\/11\/gary-urteaga-apec-2016-768x462.jpg 768w\" sizes=\"auto, (max-width: 900px) 100vw, 900px\" \/><\/p>\n<p>Entrevista con\u00a0Gary Urteaga Co-fundador de Cinepapaya.<\/p>\n<p><!--more--><\/p>\n<p><iframe loading=\"lazy\" style=\"border: none; overflow: hidden;\" src=\"https:\/\/www.facebook.com\/plugins\/video.php?href=https%3A%2F%2Fwww.facebook.com%2Fcomexperu%2Fvideos%2F586649174857417%2F&amp;width=500&amp;show_text=false&amp;height=281&amp;appId\" width=\"500\" height=\"281\" frameborder=\"0\" scrolling=\"no\"><\/iframe><\/p>\n<p>Fuente: <a href=\"https:\/\/www.facebook.com\/pg\/comexperu\/\" target=\"_blank\">Comex Per\u00fa<\/a><\/p>\nCompartir <div class=\"synved-social-container synved-social-container-share\"><a class=\"synved-social-button synved-social-button-share synved-social-size-32 synved-social-resolution-single synved-social-provider-facebook nolightbox\" data-provider=\"facebook\" target=\"_blank\" rel=\"nofollow\" title=\"Compartir en Facebook\" href=\"https:\/\/www.facebook.com\/sharer.php?u=https%3A%2F%2Fir-dweb.com%2Fblog&#038;t=APEC%202016%20%E2%80%93%20Gary%20Urteaga%2C%20Co-fundador%20de%20CinePapaya&#038;s=100&#038;p&#091;url&#093;=https%3A%2F%2Fir-dweb.com%2Fblog&#038;p&#091;images&#093;&#091;0&#093;=http%3A%2F%2Fwww.ir-dweb.com%2Fblog%2Fwp-content%2Fuploads%2F2016%2F11%2Fgary-urteaga-apec-2016.jpg&#038;p&#091;title&#093;=APEC%202016%20%E2%80%93%20Gary%20Urteaga%2C%20Co-fundador%20de%20CinePapaya\" style=\"font-size: 0px;width:32px;height:32px;margin:0;margin-bottom:10px;margin-right:10px\"><img loading=\"lazy\" decoding=\"async\" alt=\"Facebook\" title=\"Compartir en Facebook\" class=\"synved-share-image synved-social-image synved-social-image-share\" width=\"32\" height=\"32\" style=\"display: inline;width:32px;height:32px;margin: 0;padding: 0;border: none;box-shadow: none\" src=\"https:\/\/ir-dweb.com\/blog\/wp-content\/plugins\/social-media-feather\/synved-social\/image\/social\/regular\/64x64\/facebook.png\" \/><\/a><a class=\"synved-social-button synved-social-button-share synved-social-size-32 synved-social-resolution-single synved-social-provider-twitter nolightbox\" data-provider=\"twitter\" target=\"_blank\" rel=\"nofollow\" title=\"Compartir en Twitter\" href=\"https:\/\/twitter.com\/share?url=https%3A%2F%2Fir-dweb.com%2Fblog&#038;text=APEC%202016%20%E2%80%93%20Gary%20Urteaga%2C%20Co-fundador%20de%20CinePapaya\" style=\"font-size: 0px;width:32px;height:32px;margin:0;margin-bottom:10px;margin-right:10px\"><img loading=\"lazy\" decoding=\"async\" alt=\"twitter\" title=\"Compartir en Twitter\" class=\"synved-share-image synved-social-image synved-social-image-share\" width=\"32\" height=\"32\" style=\"display: inline;width:32px;height:32px;margin: 0;padding: 0;border: none;box-shadow: none\" src=\"https:\/\/ir-dweb.com\/blog\/wp-content\/plugins\/social-media-feather\/synved-social\/image\/social\/regular\/64x64\/twitter.png\" \/><\/a><a class=\"synved-social-button synved-social-button-share synved-social-size-32 synved-social-resolution-single synved-social-provider-linkedin nolightbox\" data-provider=\"linkedin\" target=\"_blank\" rel=\"nofollow\" title=\"Compartir en Linkedin\" href=\"https:\/\/www.linkedin.com\/shareArticle?mini=true&#038;url=https%3A%2F%2Fir-dweb.com%2Fblog&#038;title=APEC%202016%20%E2%80%93%20Gary%20Urteaga%2C%20Co-fundador%20de%20CinePapaya\" style=\"font-size: 0px;width:32px;height:32px;margin:0;margin-bottom:10px\"><img loading=\"lazy\" decoding=\"async\" alt=\"linkedin\" title=\"Compartir en Linkedin\" class=\"synved-share-image synved-social-image synved-social-image-share\" width=\"32\" height=\"32\" style=\"display: inline;width:32px;height:32px;margin: 0;padding: 0;border: none;box-shadow: none\" src=\"https:\/\/ir-dweb.com\/blog\/wp-content\/plugins\/social-media-feather\/synved-social\/image\/social\/regular\/64x64\/linkedin.png\" \/><\/a><\/div>","protected":false},"excerpt":{"rendered":"<p>Compartir IX CUMBRE PYME APEC 2016 \u2013 Lima Per\u00fa Entrevista con\u00a0Gary Urteaga Co-fundador de Cinepapaya. Compartir<\/p>\n","protected":false},"author":1,"featured_media":0,"comment_status":"closed","ping_status":"closed","sticky":false,"template":"","format":"standard","meta":{"footnotes":""},"categories":[16],"tags":[17],"class_list":["post-283","post","type-post","status-publish","format-standard","hentry","category-eventos","tag-apec-2016"],"yoast_head":"<!-- This site is optimized with the Yoast SEO plugin v25.4 - https:\/\/yoast.com\/wordpress\/plugins\/seo\/ -->\n<title>APEC 2016 - Gary Urteaga, Co-fundador de CinePapaya - Ivan Rettes Blog<\/title>\n<meta name=\"description\" content=\"IX CUMBRE PYME APEC 2016 \u2013 Lima Per\u00fa    Entrevista con\u00a0Gary Urteaga Co-fundador de Cinepapaya.      Fuente: Comex Per\u00fa\" \/>\n<meta name=\"robots\" content=\"index, follow, max-snippet:-1, max-image-preview:large, max-video-preview:-1\" \/>\n<link rel=\"canonical\" href=\"https:\/\/ir-dweb.com\/blog\/apec-2016-gary-urteaga-co-fundador-de-cinepapaya\/\" \/>\n<meta property=\"og:locale\" content=\"es_ES\" \/>\n<meta property=\"og:type\" content=\"article\" \/>\n<meta property=\"og:title\" content=\"APEC 2016 - Gary Urteaga, Co-fundador de CinePapaya - Ivan Rettes Blog\" \/>\n<meta property=\"og:description\" content=\"IX CUMBRE PYME APEC 2016 \u2013 Lima Per\u00fa    Entrevista con\u00a0Gary Urteaga Co-fundador de Cinepapaya.      Fuente: Comex Per\u00fa\" \/>\n<meta property=\"og:url\" content=\"https:\/\/ir-dweb.com\/blog\/apec-2016-gary-urteaga-co-fundador-de-cinepapaya\/\" \/>\n<meta property=\"og:site_name\" content=\"Ivan Rettes Blog\" \/>\n<meta property=\"article:published_time\" content=\"2016-11-21T02:08:38+00:00\" \/>\n<meta property=\"article:modified_time\" content=\"2018-02-10T20:44:12+00:00\" \/>\n<meta property=\"og:image\" content=\"http:\/\/www.ir-dweb.com\/blog\/wp-content\/uploads\/2016\/11\/gary-urteaga-apec-2016.jpg\" \/>\n<meta name=\"author\" content=\"iadmin\" \/>\n<meta name=\"twitter:card\" content=\"summary_large_image\" \/>\n<meta name=\"twitter:creator\" content=\"@irdweb\" \/>\n<meta name=\"twitter:site\" content=\"@irdweb\" \/>\n<meta name=\"twitter:label1\" content=\"Escrito por\" \/>\n\t<meta name=\"twitter:data1\" content=\"iadmin\" \/>\n<script type=\"application\/ld+json\" class=\"yoast-schema-graph\">{\"@context\":\"https:\/\/schema.org\",\"@graph\":[{\"@type\":\"WebPage\",\"@id\":\"https:\/\/ir-dweb.com\/blog\/apec-2016-gary-urteaga-co-fundador-de-cinepapaya\/\",\"url\":\"https:\/\/ir-dweb.com\/blog\/apec-2016-gary-urteaga-co-fundador-de-cinepapaya\/\",\"name\":\"APEC 2016 - Gary Urteaga, Co-fundador de CinePapaya - Ivan Rettes Blog\",\"isPartOf\":{\"@id\":\"https:\/\/ir-dweb.com\/blog\/#website\"},\"primaryImageOfPage\":{\"@id\":\"https:\/\/ir-dweb.com\/blog\/apec-2016-gary-urteaga-co-fundador-de-cinepapaya\/#primaryimage\"},\"image\":{\"@id\":\"https:\/\/ir-dweb.com\/blog\/apec-2016-gary-urteaga-co-fundador-de-cinepapaya\/#primaryimage\"},\"thumbnailUrl\":\"http:\/\/www.ir-dweb.com\/blog\/wp-content\/uploads\/2016\/11\/gary-urteaga-apec-2016.jpg\",\"datePublished\":\"2016-11-21T02:08:38+00:00\",\"dateModified\":\"2018-02-10T20:44:12+00:00\",\"author\":{\"@id\":\"https:\/\/ir-dweb.com\/blog\/#\/schema\/person\/bede4d84a8f7520a9c369566f1abcd34\"},\"description\":\"IX CUMBRE PYME APEC 2016 \u2013 Lima Per\u00fa Entrevista con\u00a0Gary Urteaga Co-fundador de Cinepapaya. Fuente: Comex Per\u00fa\",\"breadcrumb\":{\"@id\":\"https:\/\/ir-dweb.com\/blog\/apec-2016-gary-urteaga-co-fundador-de-cinepapaya\/#breadcrumb\"},\"inLanguage\":\"es\",\"potentialAction\":[{\"@type\":\"ReadAction\",\"target\":[\"https:\/\/ir-dweb.com\/blog\/apec-2016-gary-urteaga-co-fundador-de-cinepapaya\/\"]}]},{\"@type\":\"ImageObject\",\"inLanguage\":\"es\",\"@id\":\"https:\/\/ir-dweb.com\/blog\/apec-2016-gary-urteaga-co-fundador-de-cinepapaya\/#primaryimage\",\"url\":\"http:\/\/www.ir-dweb.com\/blog\/wp-content\/uploads\/2016\/11\/gary-urteaga-apec-2016.jpg\",\"contentUrl\":\"http:\/\/www.ir-dweb.com\/blog\/wp-content\/uploads\/2016\/11\/gary-urteaga-apec-2016.jpg\"},{\"@type\":\"BreadcrumbList\",\"@id\":\"https:\/\/ir-dweb.com\/blog\/apec-2016-gary-urteaga-co-fundador-de-cinepapaya\/#breadcrumb\",\"itemListElement\":[{\"@type\":\"ListItem\",\"position\":1,\"name\":\"Portada\",\"item\":\"https:\/\/ir-dweb.com\/blog\/\"},{\"@type\":\"ListItem\",\"position\":2,\"name\":\"APEC 2016 &#8211; Gary Urteaga, Co-fundador de CinePapaya\"}]},{\"@type\":\"WebSite\",\"@id\":\"https:\/\/ir-dweb.com\/blog\/#website\",\"url\":\"https:\/\/ir-dweb.com\/blog\/\",\"name\":\"Ivan Rettes Blog\",\"description\":\"Art\u00edculos y videos sobre Formaci\u00f3n personal, Marketing, Social Media, dise\u00f1o web\",\"potentialAction\":[{\"@type\":\"SearchAction\",\"target\":{\"@type\":\"EntryPoint\",\"urlTemplate\":\"https:\/\/ir-dweb.com\/blog\/?s={search_term_string}\"},\"query-input\":{\"@type\":\"PropertyValueSpecification\",\"valueRequired\":true,\"valueName\":\"search_term_string\"}}],\"inLanguage\":\"es\"},{\"@type\":\"Person\",\"@id\":\"https:\/\/ir-dweb.com\/blog\/#\/schema\/person\/bede4d84a8f7520a9c369566f1abcd34\",\"name\":\"iadmin\",\"image\":{\"@type\":\"ImageObject\",\"inLanguage\":\"es\",\"@id\":\"https:\/\/ir-dweb.com\/blog\/#\/schema\/person\/image\/\",\"url\":\"https:\/\/secure.gravatar.com\/avatar\/270d0e866f231ddc3b83f31558654532b1c875446a2c27f9a1b4bdea82e2c00a?s=96&d=mm&r=g\",\"contentUrl\":\"https:\/\/secure.gravatar.com\/avatar\/270d0e866f231ddc3b83f31558654532b1c875446a2c27f9a1b4bdea82e2c00a?s=96&d=mm&r=g\",\"caption\":\"iadmin\"}}]}<\/script>\n<!-- \/ Yoast SEO plugin. -->","yoast_head_json":{"title":"APEC 2016 - Gary Urteaga, Co-fundador de CinePapaya - Ivan Rettes Blog","description":"IX CUMBRE PYME APEC 2016 \u2013 Lima Per\u00fa    Entrevista con\u00a0Gary Urteaga Co-fundador de Cinepapaya.      Fuente: Comex Per\u00fa","robots":{"index":"index","follow":"follow","max-snippet":"max-snippet:-1","max-image-preview":"max-image-preview:large","max-video-preview":"max-video-preview:-1"},"canonical":"https:\/\/ir-dweb.com\/blog\/apec-2016-gary-urteaga-co-fundador-de-cinepapaya\/","og_locale":"es_ES","og_type":"article","og_title":"APEC 2016 - Gary Urteaga, Co-fundador de CinePapaya - Ivan Rettes Blog","og_description":"IX CUMBRE PYME APEC 2016 \u2013 Lima Per\u00fa    Entrevista con\u00a0Gary Urteaga Co-fundador de Cinepapaya.      Fuente: Comex Per\u00fa","og_url":"https:\/\/ir-dweb.com\/blog\/apec-2016-gary-urteaga-co-fundador-de-cinepapaya\/","og_site_name":"Ivan Rettes Blog","article_published_time":"2016-11-21T02:08:38+00:00","article_modified_time":"2018-02-10T20:44:12+00:00","og_image":[{"url":"http:\/\/www.ir-dweb.com\/blog\/wp-content\/uploads\/2016\/11\/gary-urteaga-apec-2016.jpg","type":"","width":"","height":""}],"author":"iadmin","twitter_card":"summary_large_image","twitter_creator":"@irdweb","twitter_site":"@irdweb","twitter_misc":{"Escrito por":"iadmin"},"schema":{"@context":"https:\/\/schema.org","@graph":[{"@type":"WebPage","@id":"https:\/\/ir-dweb.com\/blog\/apec-2016-gary-urteaga-co-fundador-de-cinepapaya\/","url":"https:\/\/ir-dweb.com\/blog\/apec-2016-gary-urteaga-co-fundador-de-cinepapaya\/","name":"APEC 2016 - Gary Urteaga, Co-fundador de CinePapaya - Ivan Rettes Blog","isPartOf":{"@id":"https:\/\/ir-dweb.com\/blog\/#website"},"primaryImageOfPage":{"@id":"https:\/\/ir-dweb.com\/blog\/apec-2016-gary-urteaga-co-fundador-de-cinepapaya\/#primaryimage"},"image":{"@id":"https:\/\/ir-dweb.com\/blog\/apec-2016-gary-urteaga-co-fundador-de-cinepapaya\/#primaryimage"},"thumbnailUrl":"http:\/\/www.ir-dweb.com\/blog\/wp-content\/uploads\/2016\/11\/gary-urteaga-apec-2016.jpg","datePublished":"2016-11-21T02:08:38+00:00","dateModified":"2018-02-10T20:44:12+00:00","author":{"@id":"https:\/\/ir-dweb.com\/blog\/#\/schema\/person\/bede4d84a8f7520a9c369566f1abcd34"},"description":"IX CUMBRE PYME APEC 2016 \u2013 Lima Per\u00fa Entrevista con\u00a0Gary Urteaga Co-fundador de Cinepapaya. Fuente: Comex Per\u00fa","breadcrumb":{"@id":"https:\/\/ir-dweb.com\/blog\/apec-2016-gary-urteaga-co-fundador-de-cinepapaya\/#breadcrumb"},"inLanguage":"es","potentialAction":[{"@type":"ReadAction","target":["https:\/\/ir-dweb.com\/blog\/apec-2016-gary-urteaga-co-fundador-de-cinepapaya\/"]}]},{"@type":"ImageObject","inLanguage":"es","@id":"https:\/\/ir-dweb.com\/blog\/apec-2016-gary-urteaga-co-fundador-de-cinepapaya\/#primaryimage","url":"http:\/\/www.ir-dweb.com\/blog\/wp-content\/uploads\/2016\/11\/gary-urteaga-apec-2016.jpg","contentUrl":"http:\/\/www.ir-dweb.com\/blog\/wp-content\/uploads\/2016\/11\/gary-urteaga-apec-2016.jpg"},{"@type":"BreadcrumbList","@id":"https:\/\/ir-dweb.com\/blog\/apec-2016-gary-urteaga-co-fundador-de-cinepapaya\/#breadcrumb","itemListElement":[{"@type":"ListItem","position":1,"name":"Portada","item":"https:\/\/ir-dweb.com\/blog\/"},{"@type":"ListItem","position":2,"name":"APEC 2016 &#8211; Gary Urteaga, Co-fundador de CinePapaya"}]},{"@type":"WebSite","@id":"https:\/\/ir-dweb.com\/blog\/#website","url":"https:\/\/ir-dweb.com\/blog\/","name":"Ivan Rettes Blog","description":"Art\u00edculos y videos sobre Formaci\u00f3n personal, Marketing, Social Media, dise\u00f1o web","potentialAction":[{"@type":"SearchAction","target":{"@type":"EntryPoint","urlTemplate":"https:\/\/ir-dweb.com\/blog\/?s={search_term_string}"},"query-input":{"@type":"PropertyValueSpecification","valueRequired":true,"valueName":"search_term_string"}}],"inLanguage":"es"},{"@type":"Person","@id":"https:\/\/ir-dweb.com\/blog\/#\/schema\/person\/bede4d84a8f7520a9c369566f1abcd34","name":"iadmin","image":{"@type":"ImageObject","inLanguage":"es","@id":"https:\/\/ir-dweb.com\/blog\/#\/schema\/person\/image\/","url":"https:\/\/secure.gravatar.com\/avatar\/270d0e866f231ddc3b83f31558654532b1c875446a2c27f9a1b4bdea82e2c00a?s=96&d=mm&r=g","contentUrl":"https:\/\/secure.gravatar.com\/avatar\/270d0e866f231ddc3b83f31558654532b1c875446a2c27f9a1b4bdea82e2c00a?s=96&d=mm&r=g","caption":"iadmin"}}]}},"_links":{"self":[{"href":"https:\/\/ir-dweb.com\/blog\/wp-json\/wp\/v2\/posts\/283","targetHints":{"allow":["GET"]}}],"collection":[{"href":"https:\/\/ir-dweb.com\/blog\/wp-json\/wp\/v2\/posts"}],"about":[{"href":"https:\/\/ir-dweb.com\/blog\/wp-json\/wp\/v2\/types\/post"}],"author":[{"embeddable":true,"href":"https:\/\/ir-dweb.com\/blog\/wp-json\/wp\/v2\/users\/1"}],"replies":[{"embeddable":true,"href":"https:\/\/ir-dweb.com\/blog\/wp-json\/wp\/v2\/comments?post=283"}],"version-history":[{"count":0,"href":"https:\/\/ir-dweb.com\/blog\/wp-json\/wp\/v2\/posts\/283\/revisions"}],"wp:attachment":[{"href":"https:\/\/ir-dweb.com\/blog\/wp-json\/wp\/v2\/media?parent=283"}],"wp:term":[{"taxonomy":"category","embeddable":true,"href":"https:\/\/ir-dweb.com\/blog\/wp-json\/wp\/v2\/categories?post=283"},{"taxonomy":"post_tag","embeddable":true,"href":"https:\/\/ir-dweb.com\/blog\/wp-json\/wp\/v2\/tags?post=283"}],"curies":[{"name":"wp","href":"https:\/\/api.w.org\/{rel}","templated":true}]}}